{"id":799,"date":"2019-07-15T15:24:30","date_gmt":"2019-07-15T13:24:30","guid":{"rendered":"http:\/\/fis-stetten.de\/wordpress\/?p=799"},"modified":"2019-07-17T09:35:45","modified_gmt":"2019-07-17T07:35:45","slug":"eifrige-sprachschueler-benoetigen-drucker","status":"publish","type":"post","link":"http:\/\/fis-stetten.de\/wordpress\/eifrige-sprachschueler-benoetigen-drucker\/","title":{"rendered":"Eifrige Sprachsch\u00fcler ben\u00f6tigen Drucker"},"content":{"rendered":"<p>Die Sprachgruppe im N\u00f6dinger Hof ben\u00f6tigt einen tragbaren CD-Spieler\/Discman sowie f\u00fcr das Ausdrucken von \u00dcbungsmaterial einen Drucker sowie einen CD-Player, damit die \u00dcbungen auf den \u00dcbungs-CDs, die den Deutsch-Lehrb\u00fcchern beiliegen, bearbeitet werden k\u00f6nnen.<\/p>\n<p>Rufen Sie bitte Telefon 0711\/796836 oder 0711\/796522 an, wenn Sie Ger\u00e4te f\u00fcr die sehr lernwilligen BewohnerInnen spenden k\u00f6nnen.<\/p>\n","protected":false},"excerpt":{"rendered":"<p>Die Sprachgruppe im N\u00f6dinger Hof ben\u00f6tigt einen tragbaren CD-Spieler\/Discman sowie f\u00fcr das Ausdrucken von \u00dcbungsmaterial einen Drucker sowie einen CD-Player, damit die \u00dcbungen auf den \u00dcbungs-CDs, die den Deutsch-Lehrb\u00fcchern beiliegen, bearbeitet werden k\u00f6nnen. Rufen Sie bitte Telefon 0711\/796836 oder 0711\/796522 an, wenn Sie Ger\u00e4te f\u00fcr die sehr lernwilligen BewohnerInnen spenden k\u00f6nnen.<\/p>\n","protected":false},"author":1,"featured_media":0,"comment_status":"closed","ping_status":"closed","sticky":false,"template":"","format":"standard","meta":[],"categories":[4],"tags":[],"_links":{"self":[{"href":"http:\/\/fis-stetten.de\/wordpress\/wp-json\/wp\/v2\/posts\/799"}],"collection":[{"href":"http:\/\/fis-stetten.de\/wordpress\/wp-json\/wp\/v2\/posts"}],"about":[{"href":"http:\/\/fis-stetten.de\/wordpress\/wp-json\/wp\/v2\/types\/post"}],"author":[{"embeddable":true,"href":"http:\/\/fis-stetten.de\/wordpress\/wp-json\/wp\/v2\/users\/1"}],"replies":[{"embeddable":true,"href":"http:\/\/fis-stetten.de\/wordpress\/wp-json\/wp\/v2\/comments?post=799"}],"version-history":[{"count":3,"href":"http:\/\/fis-stetten.de\/wordpress\/wp-json\/wp\/v2\/posts\/799\/revisions"}],"predecessor-version":[{"id":803,"href":"http:\/\/fis-stetten.de\/wordpress\/wp-json\/wp\/v2\/posts\/799\/revisions\/803"}],"wp:attachment":[{"href":"http:\/\/fis-stetten.de\/wordpress\/wp-json\/wp\/v2\/media?parent=799"}],"wp:term":[{"taxonomy":"category","embeddable":true,"href":"http:\/\/fis-stetten.de\/wordpress\/wp-json\/wp\/v2\/categories?post=799"},{"taxonomy":"post_tag","embeddable":true,"href":"http:\/\/fis-stetten.de\/wordpress\/wp-json\/wp\/v2\/tags?post=799"}],"curies":[{"name":"wp","href":"https:\/\/api.w.org\/{rel}","templated":true}]}}