{"id":650,"date":"2018-01-07T13:18:49","date_gmt":"2018-01-07T12:18:49","guid":{"rendered":"http:\/\/fis-stetten.de\/wordpress\/?p=650"},"modified":"2018-01-07T13:18:49","modified_gmt":"2018-01-07T12:18:49","slug":"neuer-rundbrief-zum-jahresende","status":"publish","type":"post","link":"http:\/\/fis-stetten.de\/wordpress\/neuer-rundbrief-zum-jahresende\/","title":{"rendered":"Neuer Rundbrief zum Jahresende"},"content":{"rendered":"<p>Zum Jahresende ziehen wir Bilanz und geben einen aktuellen \u00dcberblick nach mehr als zwei Jahren Fl\u00fcchtlingsarbeit im N\u00f6dinger Hof. Hier den <a href=\"http:\/\/fis-stetten.de\/wordpress\/wp-content\/uploads\/2018\/01\/Rundbrief-Nr.-9.pdf\">Rundbrief Nr. 9<\/a> herunterladen.<\/p>\n","protected":false},"excerpt":{"rendered":"<p>Zum Jahresende ziehen wir Bilanz und geben einen aktuellen \u00dcberblick nach mehr als zwei Jahren Fl\u00fcchtlingsarbeit im N\u00f6dinger Hof. Hier den Rundbrief Nr. 9 herunterladen.<\/p>\n","protected":false},"author":1,"featured_media":0,"comment_status":"closed","ping_status":"closed","sticky":false,"template":"","format":"standard","meta":[],"categories":[4],"tags":[],"_links":{"self":[{"href":"http:\/\/fis-stetten.de\/wordpress\/wp-json\/wp\/v2\/posts\/650"}],"collection":[{"href":"http:\/\/fis-stetten.de\/wordpress\/wp-json\/wp\/v2\/posts"}],"about":[{"href":"http:\/\/fis-stetten.de\/wordpress\/wp-json\/wp\/v2\/types\/post"}],"author":[{"embeddable":true,"href":"http:\/\/fis-stetten.de\/wordpress\/wp-json\/wp\/v2\/users\/1"}],"replies":[{"embeddable":true,"href":"http:\/\/fis-stetten.de\/wordpress\/wp-json\/wp\/v2\/comments?post=650"}],"version-history":[{"count":1,"href":"http:\/\/fis-stetten.de\/wordpress\/wp-json\/wp\/v2\/posts\/650\/revisions"}],"predecessor-version":[{"id":651,"href":"http:\/\/fis-stetten.de\/wordpress\/wp-json\/wp\/v2\/posts\/650\/revisions\/651"}],"wp:attachment":[{"href":"http:\/\/fis-stetten.de\/wordpress\/wp-json\/wp\/v2\/media?parent=650"}],"wp:term":[{"taxonomy":"category","embeddable":true,"href":"http:\/\/fis-stetten.de\/wordpress\/wp-json\/wp\/v2\/categories?post=650"},{"taxonomy":"post_tag","embeddable":true,"href":"http:\/\/fis-stetten.de\/wordpress\/wp-json\/wp\/v2\/tags?post=650"}],"curies":[{"name":"wp","href":"https:\/\/api.w.org\/{rel}","templated":true}]}}