{"id":646,"date":"2017-12-18T19:06:22","date_gmt":"2017-12-18T18:06:22","guid":{"rendered":"http:\/\/fis-stetten.de\/wordpress\/?p=646"},"modified":"2017-12-18T19:06:22","modified_gmt":"2017-12-18T18:06:22","slug":"wunderbare-weihnachtsgeschenke","status":"publish","type":"post","link":"http:\/\/fis-stetten.de\/wordpress\/wunderbare-weihnachtsgeschenke\/","title":{"rendered":"Wunderbare Weihnachtsgeschenke"},"content":{"rendered":"<p>Zwei wunderbare Weihnachtsgeschenke \u00fcberraschten uns in den letzten Wochen: Von der Firma WeKo erhielten wir eine sehr gro\u00dfz\u00fcgige Spende. Speziell f\u00fcr die Kinder spendete die Elterninitiative Kinderb\u00f6rse ebenfalls einen sehr namhaften Betrag. Wir danken den Spendern f\u00fcr die Unterst\u00fctzung und Anerkennung unserer Arbeit, Sie zeigen uns, dass wir auf dem richtigen Weg sind und nicht nachlassen d\u00fcrfen beim Engagement zur Integration der Fl\u00fcchtlinge.<br \/>\nGanz herzlichen Dank f\u00fcr diese gro\u00dfz\u00fcgige Hilfe.<\/p>\n","protected":false},"excerpt":{"rendered":"<p>Zwei wunderbare Weihnachtsgeschenke \u00fcberraschten uns in den letzten Wochen: Von der Firma WeKo erhielten wir eine sehr gro\u00dfz\u00fcgige Spende. Speziell f\u00fcr die Kinder spendete die Elterninitiative Kinderb\u00f6rse ebenfalls einen sehr namhaften Betrag. Wir danken den Spendern f\u00fcr die Unterst\u00fctzung und Anerkennung unserer Arbeit, Sie zeigen uns, dass wir auf dem richtigen Weg sind und nicht &hellip; <a href=\"http:\/\/fis-stetten.de\/wordpress\/wunderbare-weihnachtsgeschenke\/\" class=\"more-link\"><span class=\"screen-reader-text\">Wunderbare Weihnachtsgeschenke<\/span> weiterlesen <span class=\"meta-nav\">&rarr;<\/span><\/a><\/p>\n","protected":false},"author":1,"featured_media":0,"comment_status":"closed","ping_status":"closed","sticky":false,"template":"","format":"standard","meta":[],"categories":[4],"tags":[],"_links":{"self":[{"href":"http:\/\/fis-stetten.de\/wordpress\/wp-json\/wp\/v2\/posts\/646"}],"collection":[{"href":"http:\/\/fis-stetten.de\/wordpress\/wp-json\/wp\/v2\/posts"}],"about":[{"href":"http:\/\/fis-stetten.de\/wordpress\/wp-json\/wp\/v2\/types\/post"}],"author":[{"embeddable":true,"href":"http:\/\/fis-stetten.de\/wordpress\/wp-json\/wp\/v2\/users\/1"}],"replies":[{"embeddable":true,"href":"http:\/\/fis-stetten.de\/wordpress\/wp-json\/wp\/v2\/comments?post=646"}],"version-history":[{"count":1,"href":"http:\/\/fis-stetten.de\/wordpress\/wp-json\/wp\/v2\/posts\/646\/revisions"}],"predecessor-version":[{"id":647,"href":"http:\/\/fis-stetten.de\/wordpress\/wp-json\/wp\/v2\/posts\/646\/revisions\/647"}],"wp:attachment":[{"href":"http:\/\/fis-stetten.de\/wordpress\/wp-json\/wp\/v2\/media?parent=646"}],"wp:term":[{"taxonomy":"category","embeddable":true,"href":"http:\/\/fis-stetten.de\/wordpress\/wp-json\/wp\/v2\/categories?post=646"},{"taxonomy":"post_tag","embeddable":true,"href":"http:\/\/fis-stetten.de\/wordpress\/wp-json\/wp\/v2\/tags?post=646"}],"curies":[{"name":"wp","href":"https:\/\/api.w.org\/{rel}","templated":true}]}}