{"id":635,"date":"2017-11-02T16:50:51","date_gmt":"2017-11-02T15:50:51","guid":{"rendered":"http:\/\/fis-stetten.de\/wordpress\/?p=635"},"modified":"2017-11-02T16:50:51","modified_gmt":"2017-11-02T15:50:51","slug":"wohnraum-dringend-gesucht","status":"publish","type":"post","link":"http:\/\/fis-stetten.de\/wordpress\/wohnraum-dringend-gesucht\/","title":{"rendered":"Wohnraum dringend gesucht"},"content":{"rendered":"<p>Wir suchen Wohnraum f\u00fcr die Fl\u00fcchtlinge, die nach zwei Jahren Aufenthalt aus dem N\u00f6dinger Hof ausziehen m\u00fcssen. Frau Belz, L-E mietet, hat die Fl\u00fcchtlinge intensiv \u00fcber Rechte und Pflichten als Mieter aufgekl\u00e4rt, Ehrenamtliche der FIS werden das Verhalten der Fl\u00fcchtlinge weiter beobachten.<\/p>\n","protected":false},"excerpt":{"rendered":"<p>Wir suchen Wohnraum f\u00fcr die Fl\u00fcchtlinge, die nach zwei Jahren Aufenthalt aus dem N\u00f6dinger Hof ausziehen m\u00fcssen. Frau Belz, L-E mietet, hat die Fl\u00fcchtlinge intensiv \u00fcber Rechte und Pflichten als Mieter aufgekl\u00e4rt, Ehrenamtliche der FIS werden das Verhalten der Fl\u00fcchtlinge weiter beobachten.<\/p>\n","protected":false},"author":1,"featured_media":0,"comment_status":"closed","ping_status":"closed","sticky":false,"template":"","format":"standard","meta":[],"categories":[4],"tags":[],"_links":{"self":[{"href":"http:\/\/fis-stetten.de\/wordpress\/wp-json\/wp\/v2\/posts\/635"}],"collection":[{"href":"http:\/\/fis-stetten.de\/wordpress\/wp-json\/wp\/v2\/posts"}],"about":[{"href":"http:\/\/fis-stetten.de\/wordpress\/wp-json\/wp\/v2\/types\/post"}],"author":[{"embeddable":true,"href":"http:\/\/fis-stetten.de\/wordpress\/wp-json\/wp\/v2\/users\/1"}],"replies":[{"embeddable":true,"href":"http:\/\/fis-stetten.de\/wordpress\/wp-json\/wp\/v2\/comments?post=635"}],"version-history":[{"count":1,"href":"http:\/\/fis-stetten.de\/wordpress\/wp-json\/wp\/v2\/posts\/635\/revisions"}],"predecessor-version":[{"id":636,"href":"http:\/\/fis-stetten.de\/wordpress\/wp-json\/wp\/v2\/posts\/635\/revisions\/636"}],"wp:attachment":[{"href":"http:\/\/fis-stetten.de\/wordpress\/wp-json\/wp\/v2\/media?parent=635"}],"wp:term":[{"taxonomy":"category","embeddable":true,"href":"http:\/\/fis-stetten.de\/wordpress\/wp-json\/wp\/v2\/categories?post=635"},{"taxonomy":"post_tag","embeddable":true,"href":"http:\/\/fis-stetten.de\/wordpress\/wp-json\/wp\/v2\/tags?post=635"}],"curies":[{"name":"wp","href":"https:\/\/api.w.org\/{rel}","templated":true}]}}