{"id":610,"date":"2017-09-09T20:09:43","date_gmt":"2017-09-09T18:09:43","guid":{"rendered":"http:\/\/fis-stetten.de\/wordpress\/?p=610"},"modified":"2017-09-09T20:22:11","modified_gmt":"2017-09-09T18:22:11","slug":"online-seminare-der-friedrich-ebert-stiftung","status":"publish","type":"post","link":"http:\/\/fis-stetten.de\/wordpress\/online-seminare-der-friedrich-ebert-stiftung\/","title":{"rendered":"Online-Seminare der Friedrich-Ebert-Stiftung"},"content":{"rendered":"<p><!--more-->Die OnlineAkademie der Friedrich-Ebert-Stiftung bietet kostenlose Fortbildungen zu den Themen Integration und gegen Rechts an. An den so genannten \u201eWebinaren\u201c kann man von zu Hause aus \u00fcbers Internet teilnehmen.<!--more--><\/p>\n<p>&nbsp;<\/p>\n<p>Folgende Themen werden angeboten:<\/p>\n<ul style=\"list-style-type: square;\">\n<li>Von der Fl\u00fcchtlings- zur Integrationsarbeit<br \/>\n20.09., 18-19.30 Uhr, Webinar und Coaching<\/li>\n<li>Selbstbewusst im Engagement f\u00fcr Fl\u00fcchtlinge &#8211; Strategien und Argumente f\u00fcr den Umgang mit Parolen<br \/>\n18.10., 18-19.30 Uhr, Webinar und Training<\/li>\n<li>Von der Fl\u00fcchtlings- zur Integrationsarbeit<br \/>\n08.11., 18-19.30 Uhr, Webinar und Coaching<\/li>\n<\/ul>\n<p>Schon jetzt k\u00f6nnen Sie zu Ihrer individuellen Vorbereitung vier neue Videotutorials zur Integrationsarbeit vor Ort ansehen:<\/p>\n<p><a href=\"http:\/\/www.fes-online-akademie.de\/integration-vor-ort-gestalten\/\" target=\"_blank\">http:\/\/www.fes-online-akademie.de\/integration-vor-ort-gestalten\/<\/a><\/p>\n<p>Mehr Infos zu den Webinaren und die Anmeldung finden Sie hier:<br \/>\n<a href=\"http:\/\/fes-online-akademie.de\/webinare\/\" target=\"_blank\">http:\/\/fes-online-akademie.de\/webinare\/<\/a><\/p>\n<p>Weitere Infos zu oben genannten und weiteren Angeboten entnehmen Sie bitte dem <a href=\"http:\/\/fis-stetten.de\/wordpress\/wp-content\/uploads\/2017\/09\/FES-OA-Newsletter2.pdf\" target=\"_blank\">Newsletter der Friedrich-Ebert-Stiftung<\/a>.<\/p>\n","protected":false},"excerpt":{"rendered":"","protected":false},"author":1,"featured_media":0,"comment_status":"closed","ping_status":"closed","sticky":false,"template":"","format":"standard","meta":[],"categories":[4],"tags":[],"_links":{"self":[{"href":"http:\/\/fis-stetten.de\/wordpress\/wp-json\/wp\/v2\/posts\/610"}],"collection":[{"href":"http:\/\/fis-stetten.de\/wordpress\/wp-json\/wp\/v2\/posts"}],"about":[{"href":"http:\/\/fis-stetten.de\/wordpress\/wp-json\/wp\/v2\/types\/post"}],"author":[{"embeddable":true,"href":"http:\/\/fis-stetten.de\/wordpress\/wp-json\/wp\/v2\/users\/1"}],"replies":[{"embeddable":true,"href":"http:\/\/fis-stetten.de\/wordpress\/wp-json\/wp\/v2\/comments?post=610"}],"version-history":[{"count":8,"href":"http:\/\/fis-stetten.de\/wordpress\/wp-json\/wp\/v2\/posts\/610\/revisions"}],"predecessor-version":[{"id":618,"href":"http:\/\/fis-stetten.de\/wordpress\/wp-json\/wp\/v2\/posts\/610\/revisions\/618"}],"wp:attachment":[{"href":"http:\/\/fis-stetten.de\/wordpress\/wp-json\/wp\/v2\/media?parent=610"}],"wp:term":[{"taxonomy":"category","embeddable":true,"href":"http:\/\/fis-stetten.de\/wordpress\/wp-json\/wp\/v2\/categories?post=610"},{"taxonomy":"post_tag","embeddable":true,"href":"http:\/\/fis-stetten.de\/wordpress\/wp-json\/wp\/v2\/tags?post=610"}],"curies":[{"name":"wp","href":"https:\/\/api.w.org\/{rel}","templated":true}]}}