{"id":578,"date":"2017-07-16T19:06:28","date_gmt":"2017-07-16T17:06:28","guid":{"rendered":"http:\/\/fis-stetten.de\/wordpress\/?p=578"},"modified":"2017-07-16T19:06:28","modified_gmt":"2017-07-16T17:06:28","slug":"endlich-fahrradfahren-lernen","status":"publish","type":"post","link":"http:\/\/fis-stetten.de\/wordpress\/endlich-fahrradfahren-lernen\/","title":{"rendered":"Endlich Fahrradfahren lernen!"},"content":{"rendered":"<p><a href=\"http:\/\/fis-stetten.de\/wordpress\/wp-content\/uploads\/2017\/07\/IMG_20170709_114518.jpg\"><img loading=\"lazy\" class=\"alignright size-thumbnail wp-image-579\" src=\"http:\/\/fis-stetten.de\/wordpress\/wp-content\/uploads\/2017\/07\/IMG_20170709_114518-150x150.jpg\" alt=\"IMG_20170709_114518\" width=\"150\" height=\"150\" \/><\/a>Zwei Fl\u00fcchtlings Frauen aus Eritrea durften an den letzten beiden Wochenenden bei einem Fahrradkurs f\u00fcr Frauen mitmachen. Allm\u00e4hlich wichen die \u00c4ngste und sie wurden immer sicherer. Demn\u00e4chst k\u00f6nnen sie sich mit gespendeten R\u00e4dern auf Rad- und Feldwegen bewegen und viel teure Busfahrten sparen. Wir danken den Stadtwerken, die den Kurs gesponsert haben.<!--more--><a href=\"http:\/\/fis-stetten.de\/wordpress\/wp-content\/uploads\/2017\/07\/IMG_20170709_114518.jpg\"><img loading=\"lazy\" class=\"alignnone size-full wp-image-579\" src=\"http:\/\/fis-stetten.de\/wordpress\/wp-content\/uploads\/2017\/07\/IMG_20170709_114518.jpg\" alt=\"IMG_20170709_114518\" width=\"1024\" height=\"768\" srcset=\"http:\/\/fis-stetten.de\/wordpress\/wp-content\/uploads\/2017\/07\/IMG_20170709_114518.jpg 1024w, http:\/\/fis-stetten.de\/wordpress\/wp-content\/uploads\/2017\/07\/IMG_20170709_114518-300x225.jpg 300w\" sizes=\"(max-width: 1024px) 100vw, 1024px\" \/><\/a><\/p>\n<p>Eine Bitte: Fahrr\u00e4der k\u00f6nnen wir immer gebrauchen; wir sind sehr dankbar, wenn\u00a0 wir Fahrr\u00e4der\u00a0 erhalten. Inzwischen haben auch einige der Fl\u00fcchtlinge das Instandsetzen\u00a0 gelernt. Nachdem der Frauenkurs so gut ankam, m\u00f6chten auch andere Frauen Gelegenheit zum Radeln bekommen.<\/p>\n","protected":false},"excerpt":{"rendered":"<p>Zwei Fl\u00fcchtlings Frauen aus Eritrea durften an den letzten beiden Wochenenden bei einem Fahrradkurs f\u00fcr Frauen mitmachen. Allm\u00e4hlich wichen die \u00c4ngste und sie wurden immer sicherer. Demn\u00e4chst k\u00f6nnen sie sich mit gespendeten R\u00e4dern auf Rad- und Feldwegen bewegen und viel teure Busfahrten sparen. Wir danken den Stadtwerken, die den Kurs gesponsert haben.<\/p>\n","protected":false},"author":1,"featured_media":0,"comment_status":"closed","ping_status":"closed","sticky":false,"template":"","format":"standard","meta":[],"categories":[4],"tags":[],"_links":{"self":[{"href":"http:\/\/fis-stetten.de\/wordpress\/wp-json\/wp\/v2\/posts\/578"}],"collection":[{"href":"http:\/\/fis-stetten.de\/wordpress\/wp-json\/wp\/v2\/posts"}],"about":[{"href":"http:\/\/fis-stetten.de\/wordpress\/wp-json\/wp\/v2\/types\/post"}],"author":[{"embeddable":true,"href":"http:\/\/fis-stetten.de\/wordpress\/wp-json\/wp\/v2\/users\/1"}],"replies":[{"embeddable":true,"href":"http:\/\/fis-stetten.de\/wordpress\/wp-json\/wp\/v2\/comments?post=578"}],"version-history":[{"count":1,"href":"http:\/\/fis-stetten.de\/wordpress\/wp-json\/wp\/v2\/posts\/578\/revisions"}],"predecessor-version":[{"id":580,"href":"http:\/\/fis-stetten.de\/wordpress\/wp-json\/wp\/v2\/posts\/578\/revisions\/580"}],"wp:attachment":[{"href":"http:\/\/fis-stetten.de\/wordpress\/wp-json\/wp\/v2\/media?parent=578"}],"wp:term":[{"taxonomy":"category","embeddable":true,"href":"http:\/\/fis-stetten.de\/wordpress\/wp-json\/wp\/v2\/categories?post=578"},{"taxonomy":"post_tag","embeddable":true,"href":"http:\/\/fis-stetten.de\/wordpress\/wp-json\/wp\/v2\/tags?post=578"}],"curies":[{"name":"wp","href":"https:\/\/api.w.org\/{rel}","templated":true}]}}