{"id":570,"date":"2017-07-16T18:58:04","date_gmt":"2017-07-16T16:58:04","guid":{"rendered":"http:\/\/fis-stetten.de\/wordpress\/?p=570"},"modified":"2017-07-16T18:58:04","modified_gmt":"2017-07-16T16:58:04","slug":"fahrradkurs-fuer-frauen","status":"publish","type":"post","link":"http:\/\/fis-stetten.de\/wordpress\/fahrradkurs-fuer-frauen\/","title":{"rendered":"Fahrradkurs f\u00fcr Frauen"},"content":{"rendered":"<p>Die Stadtwerke sponsern einen Fahrradkurs f\u00fcr Fl\u00fcchtlingsfrauen und erm\u00f6glichen den Frauen damit einen Schritt zu mehr Selbstst\u00e4ndigkeit. Auch aus dem N\u00f6dinger Hof werden Frauen teilnehmen. F\u00fcr die Frauen fehlen: Fahrradhelme, Ellbogen- und Knieschoner, Fahrradanh\u00e4nger f\u00fcr Kinder und Kindersitze.<\/p>\n","protected":false},"excerpt":{"rendered":"<p>Die Stadtwerke sponsern einen Fahrradkurs f\u00fcr Fl\u00fcchtlingsfrauen und erm\u00f6glichen den Frauen damit einen Schritt zu mehr Selbstst\u00e4ndigkeit. Auch aus dem N\u00f6dinger Hof werden Frauen teilnehmen. F\u00fcr die Frauen fehlen: Fahrradhelme, Ellbogen- und Knieschoner, Fahrradanh\u00e4nger f\u00fcr Kinder und Kindersitze.<\/p>\n","protected":false},"author":1,"featured_media":0,"comment_status":"closed","ping_status":"closed","sticky":false,"template":"","format":"standard","meta":[],"categories":[4],"tags":[],"_links":{"self":[{"href":"http:\/\/fis-stetten.de\/wordpress\/wp-json\/wp\/v2\/posts\/570"}],"collection":[{"href":"http:\/\/fis-stetten.de\/wordpress\/wp-json\/wp\/v2\/posts"}],"about":[{"href":"http:\/\/fis-stetten.de\/wordpress\/wp-json\/wp\/v2\/types\/post"}],"author":[{"embeddable":true,"href":"http:\/\/fis-stetten.de\/wordpress\/wp-json\/wp\/v2\/users\/1"}],"replies":[{"embeddable":true,"href":"http:\/\/fis-stetten.de\/wordpress\/wp-json\/wp\/v2\/comments?post=570"}],"version-history":[{"count":1,"href":"http:\/\/fis-stetten.de\/wordpress\/wp-json\/wp\/v2\/posts\/570\/revisions"}],"predecessor-version":[{"id":571,"href":"http:\/\/fis-stetten.de\/wordpress\/wp-json\/wp\/v2\/posts\/570\/revisions\/571"}],"wp:attachment":[{"href":"http:\/\/fis-stetten.de\/wordpress\/wp-json\/wp\/v2\/media?parent=570"}],"wp:term":[{"taxonomy":"category","embeddable":true,"href":"http:\/\/fis-stetten.de\/wordpress\/wp-json\/wp\/v2\/categories?post=570"},{"taxonomy":"post_tag","embeddable":true,"href":"http:\/\/fis-stetten.de\/wordpress\/wp-json\/wp\/v2\/tags?post=570"}],"curies":[{"name":"wp","href":"https:\/\/api.w.org\/{rel}","templated":true}]}}