{"id":529,"date":"2017-04-01T16:50:57","date_gmt":"2017-04-01T14:50:57","guid":{"rendered":"http:\/\/fis-stetten.de\/wordpress\/?p=529"},"modified":"2017-04-01T16:54:39","modified_gmt":"2017-04-01T14:54:39","slug":"cafe-international","status":"publish","type":"post","link":"http:\/\/fis-stetten.de\/wordpress\/cafe-international\/","title":{"rendered":"Wenig los beim Caf\u00e9 International"},"content":{"rendered":"<p>Lag es am guten, sonnigen Wetter oder an Programm &#8211; dieses Mal kamen nur wenig G\u00e4ste sowohl aus dem N\u00f6dinger Hof wie auch aus Stetten zu dem Treffen ins Gemeindehaus.<!--more--><\/p>\n<p>Vielen Dank an Hassan, der kurzfristig\u00a0 f\u00fcr einen pl\u00f6tzlich verhinderten Bewohner des N\u00f6dinger Hofs einsprang\u00a0 und auf der Laute Lieder und Melodien aus seiner Heimat zu Geh\u00f6r brachte.<\/p>\n<p>Annemarie zeigte anhand zahlreicher Bilder, was seit dem Ankommen der ersten Bewohner im N\u00f6dinger\u00a0 Hof geschehen ist. Die Fl\u00fcchtlinge, die schon l\u00e4nger in Stetten leben,\u00a0 erlebten nochmals den Anfang mit all den Schwierigkeiten und wie gut danach &#8211; dank der Hilfe der vielen Ehrenamtlichen &#8211; das Einleben hier gelungen ist. Die Neuen, f\u00fcr die Stetten und auch die deutsche Sprache noch unbekannte\u00a0 Dinge sind, wissen jetzt, dass sie die Geduld nicht verlieren d\u00fcrfen. F\u00fcr die G\u00e4ste aus Stetten war die Bilderschau eine Best\u00e4tigung ihrer guten Arbeit.<\/p>\n<p>Bitte merken Sie sich als n\u00e4chsten Termin f\u00fcr das <strong>Caf\u00e9 International den 21.<\/strong> <strong>Mai <\/strong>schon jetzt im Kalender vor.<\/p>\n","protected":false},"excerpt":{"rendered":"<p>Lag es am guten, sonnigen Wetter oder an Programm &#8211; dieses Mal kamen nur wenig G\u00e4ste sowohl aus dem N\u00f6dinger Hof wie auch aus Stetten zu dem Treffen ins Gemeindehaus.<\/p>\n","protected":false},"author":1,"featured_media":0,"comment_status":"closed","ping_status":"closed","sticky":false,"template":"","format":"standard","meta":[],"categories":[4],"tags":[],"_links":{"self":[{"href":"http:\/\/fis-stetten.de\/wordpress\/wp-json\/wp\/v2\/posts\/529"}],"collection":[{"href":"http:\/\/fis-stetten.de\/wordpress\/wp-json\/wp\/v2\/posts"}],"about":[{"href":"http:\/\/fis-stetten.de\/wordpress\/wp-json\/wp\/v2\/types\/post"}],"author":[{"embeddable":true,"href":"http:\/\/fis-stetten.de\/wordpress\/wp-json\/wp\/v2\/users\/1"}],"replies":[{"embeddable":true,"href":"http:\/\/fis-stetten.de\/wordpress\/wp-json\/wp\/v2\/comments?post=529"}],"version-history":[{"count":4,"href":"http:\/\/fis-stetten.de\/wordpress\/wp-json\/wp\/v2\/posts\/529\/revisions"}],"predecessor-version":[{"id":537,"href":"http:\/\/fis-stetten.de\/wordpress\/wp-json\/wp\/v2\/posts\/529\/revisions\/537"}],"wp:attachment":[{"href":"http:\/\/fis-stetten.de\/wordpress\/wp-json\/wp\/v2\/media?parent=529"}],"wp:term":[{"taxonomy":"category","embeddable":true,"href":"http:\/\/fis-stetten.de\/wordpress\/wp-json\/wp\/v2\/categories?post=529"},{"taxonomy":"post_tag","embeddable":true,"href":"http:\/\/fis-stetten.de\/wordpress\/wp-json\/wp\/v2\/tags?post=529"}],"curies":[{"name":"wp","href":"https:\/\/api.w.org\/{rel}","templated":true}]}}