{"id":521,"date":"2017-02-14T09:31:13","date_gmt":"2017-02-14T08:31:13","guid":{"rendered":"http:\/\/fis-stetten.de\/wordpress\/?p=521"},"modified":"2017-02-14T09:31:13","modified_gmt":"2017-02-14T08:31:13","slug":"kinderbetreuung-fuer-sprachkurs","status":"publish","type":"post","link":"http:\/\/fis-stetten.de\/wordpress\/kinderbetreuung-fuer-sprachkurs\/","title":{"rendered":"Kinderbetreuung f\u00fcr Sprachkurs"},"content":{"rendered":"<p><strong>Hilferuf:<\/strong> Wer hat am <strong>Dienstag von 9 \u2013 11 Uhr<\/strong> Zeit, um sich bei der Kleinkinderbetreuung zu engagieren? Die M\u00fctter lernen derweil in einem Sprachkurs Deutsch und k\u00f6nnen sich, wenn die Kinder nicht betreut werden und fr\u00f6hlich herumhopsen, leider zu wenig auf das Sprachlernen konzentrieren. Im Augenblick steht nur eine Betreuerin zur Verf\u00fcgung, die st\u00e4ndig bei den Kindern sein muss. Bitte melden Sie sich unter <a href=\"mailto:info@fis-stetten.de\">info@fis-stetten.de<\/a>.<\/p>\n","protected":false},"excerpt":{"rendered":"<p>Hilferuf: Wer hat am Dienstag von 9 \u2013 11 Uhr Zeit, um sich bei der Kleinkinderbetreuung zu engagieren? Die M\u00fctter lernen derweil in einem Sprachkurs Deutsch und k\u00f6nnen sich, wenn die Kinder nicht betreut werden und fr\u00f6hlich herumhopsen, leider zu wenig auf das Sprachlernen konzentrieren. Im Augenblick steht nur eine Betreuerin zur Verf\u00fcgung, die st\u00e4ndig &hellip; <a href=\"http:\/\/fis-stetten.de\/wordpress\/kinderbetreuung-fuer-sprachkurs\/\" class=\"more-link\"><span class=\"screen-reader-text\">Kinderbetreuung f\u00fcr Sprachkurs<\/span> weiterlesen <span class=\"meta-nav\">&rarr;<\/span><\/a><\/p>\n","protected":false},"author":1,"featured_media":0,"comment_status":"closed","ping_status":"closed","sticky":false,"template":"","format":"standard","meta":[],"categories":[4],"tags":[],"_links":{"self":[{"href":"http:\/\/fis-stetten.de\/wordpress\/wp-json\/wp\/v2\/posts\/521"}],"collection":[{"href":"http:\/\/fis-stetten.de\/wordpress\/wp-json\/wp\/v2\/posts"}],"about":[{"href":"http:\/\/fis-stetten.de\/wordpress\/wp-json\/wp\/v2\/types\/post"}],"author":[{"embeddable":true,"href":"http:\/\/fis-stetten.de\/wordpress\/wp-json\/wp\/v2\/users\/1"}],"replies":[{"embeddable":true,"href":"http:\/\/fis-stetten.de\/wordpress\/wp-json\/wp\/v2\/comments?post=521"}],"version-history":[{"count":1,"href":"http:\/\/fis-stetten.de\/wordpress\/wp-json\/wp\/v2\/posts\/521\/revisions"}],"predecessor-version":[{"id":522,"href":"http:\/\/fis-stetten.de\/wordpress\/wp-json\/wp\/v2\/posts\/521\/revisions\/522"}],"wp:attachment":[{"href":"http:\/\/fis-stetten.de\/wordpress\/wp-json\/wp\/v2\/media?parent=521"}],"wp:term":[{"taxonomy":"category","embeddable":true,"href":"http:\/\/fis-stetten.de\/wordpress\/wp-json\/wp\/v2\/categories?post=521"},{"taxonomy":"post_tag","embeddable":true,"href":"http:\/\/fis-stetten.de\/wordpress\/wp-json\/wp\/v2\/tags?post=521"}],"curies":[{"name":"wp","href":"https:\/\/api.w.org\/{rel}","templated":true}]}}