{"id":517,"date":"2017-02-14T09:27:44","date_gmt":"2017-02-14T08:27:44","guid":{"rendered":"http:\/\/fis-stetten.de\/wordpress\/?p=517"},"modified":"2017-02-14T09:27:44","modified_gmt":"2017-02-14T08:27:44","slug":"kleiderkammer-voll","status":"publish","type":"post","link":"http:\/\/fis-stetten.de\/wordpress\/kleiderkammer-voll\/","title":{"rendered":"Kleiderkammer voll"},"content":{"rendered":"<p>Die Mitarbeitrinnen und Mitarbeiter der Kleiderkammer hatten am vergangenen Samstag mit Spenden im gewohnten Umfang gerechnet und waren bestens vorbereitet, die inzwischen weniger vollen Regale wieder zu f\u00fcllen . Mit dem Ausma\u00df an Spenden h\u00e4tten sie jedoch nicht gerechnet, so eine der Mitarbeiterinnen. <!--more--><\/p>\n<p>Die Spender brachten eine Menge sehr gut erhaltener und gerade im Augenblick notwendiger Sachen. Zum Sortieren kamen die Ehrenamtlichen erst sp\u00e4ter, da zeigte sich, dass viele Spender first quality f\u00fcr die Fl\u00fcchtlinge ausrangierten. Die Kleiderkammer platzt aus allen N\u00e4hten, die Regale sind im Augenblick gut gef\u00fcllt und die Verantwortlichen bitten, mit weiteren Spenden zu warten, bis sie in einem der n\u00e4chsten Amtsbl\u00e4tter ihre W\u00fcnsche formulieren.<\/p>\n<p>Das Team der Kleiderkammer bedankt sich bei allen Menschen f\u00fcr die Bereitschaft zum Spenden. Der Rat: Sammeln Sie alles, was Sie entbehren k\u00f6nnen, unsere Wunschliste lebt bald wieder auf!<\/p>\n","protected":false},"excerpt":{"rendered":"<p>Die Mitarbeitrinnen und Mitarbeiter der Kleiderkammer hatten am vergangenen Samstag mit Spenden im gewohnten Umfang gerechnet und waren bestens vorbereitet, die inzwischen weniger vollen Regale wieder zu f\u00fcllen . Mit dem Ausma\u00df an Spenden h\u00e4tten sie jedoch nicht gerechnet, so eine der Mitarbeiterinnen.<\/p>\n","protected":false},"author":1,"featured_media":0,"comment_status":"closed","ping_status":"closed","sticky":false,"template":"","format":"standard","meta":[],"categories":[4],"tags":[],"_links":{"self":[{"href":"http:\/\/fis-stetten.de\/wordpress\/wp-json\/wp\/v2\/posts\/517"}],"collection":[{"href":"http:\/\/fis-stetten.de\/wordpress\/wp-json\/wp\/v2\/posts"}],"about":[{"href":"http:\/\/fis-stetten.de\/wordpress\/wp-json\/wp\/v2\/types\/post"}],"author":[{"embeddable":true,"href":"http:\/\/fis-stetten.de\/wordpress\/wp-json\/wp\/v2\/users\/1"}],"replies":[{"embeddable":true,"href":"http:\/\/fis-stetten.de\/wordpress\/wp-json\/wp\/v2\/comments?post=517"}],"version-history":[{"count":1,"href":"http:\/\/fis-stetten.de\/wordpress\/wp-json\/wp\/v2\/posts\/517\/revisions"}],"predecessor-version":[{"id":518,"href":"http:\/\/fis-stetten.de\/wordpress\/wp-json\/wp\/v2\/posts\/517\/revisions\/518"}],"wp:attachment":[{"href":"http:\/\/fis-stetten.de\/wordpress\/wp-json\/wp\/v2\/media?parent=517"}],"wp:term":[{"taxonomy":"category","embeddable":true,"href":"http:\/\/fis-stetten.de\/wordpress\/wp-json\/wp\/v2\/categories?post=517"},{"taxonomy":"post_tag","embeddable":true,"href":"http:\/\/fis-stetten.de\/wordpress\/wp-json\/wp\/v2\/tags?post=517"}],"curies":[{"name":"wp","href":"https:\/\/api.w.org\/{rel}","templated":true}]}}