{"id":508,"date":"2017-02-14T09:01:01","date_gmt":"2017-02-14T08:01:01","guid":{"rendered":"http:\/\/fis-stetten.de\/wordpress\/?p=508"},"modified":"2017-02-14T09:02:09","modified_gmt":"2017-02-14T08:02:09","slug":"schlittenfahren","status":"publish","type":"post","link":"http:\/\/fis-stetten.de\/wordpress\/schlittenfahren\/","title":{"rendered":"Schlittenfahren!"},"content":{"rendered":"<p><a href=\"http:\/\/fis-stetten.de\/wordpress\/wp-content\/uploads\/2017\/02\/20170117_155037.jpg\"><img loading=\"lazy\" class=\"alignright size-thumbnail wp-image-507\" src=\"http:\/\/fis-stetten.de\/wordpress\/wp-content\/uploads\/2017\/02\/20170117_155037-150x150.jpg\" alt=\"20170117_155037\" width=\"150\" height=\"150\" \/><\/a>Als Anfang des Jahres herrlich wei\u00dfer Schnee das Land bedeckte, sahen die Kinder, die in N\u00f6dinger Hof leben, voller Staunen auf die sich so gewandelte Umgebung. Schnee kannten sie noch nicht, und probierten, was mit der wei\u00dfen Pracht anzufangen ist: Sie formten Schneeb\u00e4lle , purzelten in den Schnee und versuchten, zu rutschen.<!--more--><\/p>\n<p>Da kam unsere Bitte um Schlitten gerade zur rechten Zeit &#8211; die Spendenbereitschaft unserer Leserinnen und Leser war ein voller Erfolg, f\u00fcr den wir allen sehr danken. Neun Schlitten standen im N\u00f6dinger Hof f\u00fcr die Kinder bereit.<\/p>\n<p>Schnell wurden die Schlitten an die gr\u00f6\u00dferen Kinder verteilt und unter der Aufsicht der Eltern und Betreuerinnen wurde der neue Sport sofort ausprobiert. Der Jubel war unbeschreiblich \u2013 wir danken allen , die dazu beitrugen, dass die Kinder solch gl\u00fcckliche, unbeschwerte Stunden erleben konnten.<\/p>\n<p><a href=\"http:\/\/fis-stetten.de\/wordpress\/wp-content\/uploads\/2017\/02\/20170117_205851_1.jpg\"><img loading=\"lazy\" class=\"aligncenter size-full wp-image-510\" src=\"http:\/\/fis-stetten.de\/wordpress\/wp-content\/uploads\/2017\/02\/20170117_205851_1.jpg\" alt=\"20170117_205851_1\" width=\"1024\" height=\"425\" srcset=\"http:\/\/fis-stetten.de\/wordpress\/wp-content\/uploads\/2017\/02\/20170117_205851_1.jpg 1024w, http:\/\/fis-stetten.de\/wordpress\/wp-content\/uploads\/2017\/02\/20170117_205851_1-300x125.jpg 300w\" sizes=\"(max-width: 1024px) 100vw, 1024px\" \/><\/a><\/p>\n","protected":false},"excerpt":{"rendered":"<p>Als Anfang des Jahres herrlich wei\u00dfer Schnee das Land bedeckte, sahen die Kinder, die in N\u00f6dinger Hof leben, voller Staunen auf die sich so gewandelte Umgebung. Schnee kannten sie noch nicht, und probierten, was mit der wei\u00dfen Pracht anzufangen ist: Sie formten Schneeb\u00e4lle , purzelten in den Schnee und versuchten, zu rutschen.<\/p>\n","protected":false},"author":1,"featured_media":0,"comment_status":"closed","ping_status":"closed","sticky":false,"template":"","format":"standard","meta":[],"categories":[4],"tags":[],"_links":{"self":[{"href":"http:\/\/fis-stetten.de\/wordpress\/wp-json\/wp\/v2\/posts\/508"}],"collection":[{"href":"http:\/\/fis-stetten.de\/wordpress\/wp-json\/wp\/v2\/posts"}],"about":[{"href":"http:\/\/fis-stetten.de\/wordpress\/wp-json\/wp\/v2\/types\/post"}],"author":[{"embeddable":true,"href":"http:\/\/fis-stetten.de\/wordpress\/wp-json\/wp\/v2\/users\/1"}],"replies":[{"embeddable":true,"href":"http:\/\/fis-stetten.de\/wordpress\/wp-json\/wp\/v2\/comments?post=508"}],"version-history":[{"count":3,"href":"http:\/\/fis-stetten.de\/wordpress\/wp-json\/wp\/v2\/posts\/508\/revisions"}],"predecessor-version":[{"id":512,"href":"http:\/\/fis-stetten.de\/wordpress\/wp-json\/wp\/v2\/posts\/508\/revisions\/512"}],"wp:attachment":[{"href":"http:\/\/fis-stetten.de\/wordpress\/wp-json\/wp\/v2\/media?parent=508"}],"wp:term":[{"taxonomy":"category","embeddable":true,"href":"http:\/\/fis-stetten.de\/wordpress\/wp-json\/wp\/v2\/categories?post=508"},{"taxonomy":"post_tag","embeddable":true,"href":"http:\/\/fis-stetten.de\/wordpress\/wp-json\/wp\/v2\/tags?post=508"}],"curies":[{"name":"wp","href":"https:\/\/api.w.org\/{rel}","templated":true}]}}