{"id":500,"date":"2017-01-20T18:27:09","date_gmt":"2017-01-20T17:27:09","guid":{"rendered":"http:\/\/fis-stetten.de\/wordpress\/?p=500"},"modified":"2017-01-29T18:17:45","modified_gmt":"2017-01-29T17:17:45","slug":"kleiderkammer-sucht-helfer","status":"publish","type":"post","link":"http:\/\/fis-stetten.de\/wordpress\/kleiderkammer-sucht-helfer\/","title":{"rendered":"Kleiderkammer sucht Helfer"},"content":{"rendered":"<p>Die Kleiderkammer im N\u00f6dinger Hof sucht Verst\u00e4rkung. H\u00e4tten Sie einmal in der Woche abends Zeit zur Verf\u00fcgung? Wir sind ein kleines Team ehrenamtlicher Helferinnen und Helfer, die\u00a0Spenden annehmen, sortieren und an festen Terminen an die Bewohner verteilen.\u00a0Was man mitbringen sollte, ist\u00a0Spa\u00df am Umgang mit den Fl\u00fcchtlingen.<\/p>\n<p>Wir freuen uns \u00fcber Ihren Anruf (0162 \/ 2914536)\u00a0bzw. eine E-Mail an <a href=\"mailto:info@fis-stetten.de\">info@fis-stetten.de<\/a>.<\/p>\n","protected":false},"excerpt":{"rendered":"<p>Die Kleiderkammer im N\u00f6dinger Hof sucht Verst\u00e4rkung. H\u00e4tten Sie einmal in der Woche abends Zeit zur Verf\u00fcgung? Wir sind ein kleines Team ehrenamtlicher Helferinnen und Helfer, die\u00a0Spenden annehmen, sortieren und an festen Terminen an die Bewohner verteilen.\u00a0Was man mitbringen sollte, ist\u00a0Spa\u00df am Umgang mit den Fl\u00fcchtlingen. Wir freuen uns \u00fcber Ihren Anruf (0162 \/ 2914536)\u00a0bzw. &hellip; <a href=\"http:\/\/fis-stetten.de\/wordpress\/kleiderkammer-sucht-helfer\/\" class=\"more-link\"><span class=\"screen-reader-text\">Kleiderkammer sucht Helfer<\/span> weiterlesen <span class=\"meta-nav\">&rarr;<\/span><\/a><\/p>\n","protected":false},"author":1,"featured_media":0,"comment_status":"closed","ping_status":"closed","sticky":false,"template":"","format":"standard","meta":[],"categories":[4],"tags":[],"_links":{"self":[{"href":"http:\/\/fis-stetten.de\/wordpress\/wp-json\/wp\/v2\/posts\/500"}],"collection":[{"href":"http:\/\/fis-stetten.de\/wordpress\/wp-json\/wp\/v2\/posts"}],"about":[{"href":"http:\/\/fis-stetten.de\/wordpress\/wp-json\/wp\/v2\/types\/post"}],"author":[{"embeddable":true,"href":"http:\/\/fis-stetten.de\/wordpress\/wp-json\/wp\/v2\/users\/1"}],"replies":[{"embeddable":true,"href":"http:\/\/fis-stetten.de\/wordpress\/wp-json\/wp\/v2\/comments?post=500"}],"version-history":[{"count":4,"href":"http:\/\/fis-stetten.de\/wordpress\/wp-json\/wp\/v2\/posts\/500\/revisions"}],"predecessor-version":[{"id":505,"href":"http:\/\/fis-stetten.de\/wordpress\/wp-json\/wp\/v2\/posts\/500\/revisions\/505"}],"wp:attachment":[{"href":"http:\/\/fis-stetten.de\/wordpress\/wp-json\/wp\/v2\/media?parent=500"}],"wp:term":[{"taxonomy":"category","embeddable":true,"href":"http:\/\/fis-stetten.de\/wordpress\/wp-json\/wp\/v2\/categories?post=500"},{"taxonomy":"post_tag","embeddable":true,"href":"http:\/\/fis-stetten.de\/wordpress\/wp-json\/wp\/v2\/tags?post=500"}],"curies":[{"name":"wp","href":"https:\/\/api.w.org\/{rel}","templated":true}]}}