{"id":491,"date":"2017-01-15T12:07:34","date_gmt":"2017-01-15T11:07:34","guid":{"rendered":"http:\/\/fis-stetten.de\/wordpress\/?p=491"},"modified":"2017-01-15T12:08:40","modified_gmt":"2017-01-15T11:08:40","slug":"weihnachtsfeier-im-noedinger-hof","status":"publish","type":"post","link":"http:\/\/fis-stetten.de\/wordpress\/weihnachtsfeier-im-noedinger-hof\/","title":{"rendered":"Weihnachten im N\u00f6dinger Hof"},"content":{"rendered":"<p>Am 23.12. gab es auch im N\u00f6dinger Hof eine kleine Weihnachtsfeier. Ehrenamtliche von FiS haben einen\u00a0Tannenbaum aufgestellt und gemeinsam mit den Kindern geschm\u00fcckt. Zusammen mit den Kirchengemeinden haben wir eine kleine Feier gestaltet. Ein Chor der Neuapostolischen Gemeinde hat das Ganze mit Weihnachtliedern umrahmt. Pfarrer Stefan Ruppert gab in einem kurzen Impuls einige Gedanken zu Weihnachten weiter.\u00a0F\u00fcr die Kinder gab es Geschenke und auch f\u00fcr jeden der Erwachsenen eine kleine \u00dcberraschung. Ein\u00a0herzlicher Dank f\u00fcr die sch\u00f6nen Geschenke der Kinder und f\u00fcr die 2000 Euro Spende von der Firma WeKo in Echterdingen.<\/p>\n<p><a href=\"http:\/\/fis-stetten.de\/wordpress\/wp-content\/uploads\/2017\/01\/IMG_0021.jpg\"><img loading=\"lazy\" class=\"size-medium wp-image-492 aligncenter\" src=\"http:\/\/fis-stetten.de\/wordpress\/wp-content\/uploads\/2017\/01\/IMG_0021-300x225.jpg\" alt=\"IMG_0021\" width=\"300\" height=\"225\" \/><\/a><\/p>\n","protected":false},"excerpt":{"rendered":"<p>Am 23.12. gab es auch im N\u00f6dinger Hof eine kleine Weihnachtsfeier. Ehrenamtliche von FiS haben einen\u00a0Tannenbaum aufgestellt und gemeinsam mit den Kindern geschm\u00fcckt. Zusammen mit den Kirchengemeinden haben wir eine kleine Feier gestaltet. Ein Chor der Neuapostolischen Gemeinde hat das Ganze mit Weihnachtliedern umrahmt. Pfarrer Stefan Ruppert gab in einem kurzen Impuls einige Gedanken zu &hellip; <a href=\"http:\/\/fis-stetten.de\/wordpress\/weihnachtsfeier-im-noedinger-hof\/\" class=\"more-link\"><span class=\"screen-reader-text\">Weihnachten im N\u00f6dinger Hof<\/span> weiterlesen <span class=\"meta-nav\">&rarr;<\/span><\/a><\/p>\n","protected":false},"author":1,"featured_media":0,"comment_status":"closed","ping_status":"closed","sticky":false,"template":"","format":"standard","meta":[],"categories":[4],"tags":[],"_links":{"self":[{"href":"http:\/\/fis-stetten.de\/wordpress\/wp-json\/wp\/v2\/posts\/491"}],"collection":[{"href":"http:\/\/fis-stetten.de\/wordpress\/wp-json\/wp\/v2\/posts"}],"about":[{"href":"http:\/\/fis-stetten.de\/wordpress\/wp-json\/wp\/v2\/types\/post"}],"author":[{"embeddable":true,"href":"http:\/\/fis-stetten.de\/wordpress\/wp-json\/wp\/v2\/users\/1"}],"replies":[{"embeddable":true,"href":"http:\/\/fis-stetten.de\/wordpress\/wp-json\/wp\/v2\/comments?post=491"}],"version-history":[{"count":2,"href":"http:\/\/fis-stetten.de\/wordpress\/wp-json\/wp\/v2\/posts\/491\/revisions"}],"predecessor-version":[{"id":495,"href":"http:\/\/fis-stetten.de\/wordpress\/wp-json\/wp\/v2\/posts\/491\/revisions\/495"}],"wp:attachment":[{"href":"http:\/\/fis-stetten.de\/wordpress\/wp-json\/wp\/v2\/media?parent=491"}],"wp:term":[{"taxonomy":"category","embeddable":true,"href":"http:\/\/fis-stetten.de\/wordpress\/wp-json\/wp\/v2\/categories?post=491"},{"taxonomy":"post_tag","embeddable":true,"href":"http:\/\/fis-stetten.de\/wordpress\/wp-json\/wp\/v2\/tags?post=491"}],"curies":[{"name":"wp","href":"https:\/\/api.w.org\/{rel}","templated":true}]}}