{"id":481,"date":"2017-01-05T15:13:20","date_gmt":"2017-01-05T14:13:20","guid":{"rendered":"http:\/\/fis-stetten.de\/wordpress\/?p=481"},"modified":"2017-01-15T12:08:09","modified_gmt":"2017-01-15T11:08:09","slug":"rundbrief-nr-7-erschienen","status":"publish","type":"post","link":"http:\/\/fis-stetten.de\/wordpress\/rundbrief-nr-7-erschienen\/","title":{"rendered":"Rundbrief Nr. 7 erschienen"},"content":{"rendered":"<p>Ende des Jahres fasst ein neuer Rundbrief &#8211; inzwischen<br \/>\nbereits der siebte &#8211; das aktuelle Geschehen, Neuigkeiten, Hinweise und Termine rund um die Fl\u00fcchtlingsarbeit in Stetten zusammen. Jetzt herunterladen: <a href=\"http:\/\/fis-stetten.de\/wordpress\/wp-content\/uploads\/2017\/01\/2016-12-31-Rundbrief-Nr-7.pdf\">Rundbrief Nr. 7<\/a>.<\/p>\n<p>Mit den besten Gr\u00fc\u00dfen und W\u00fcnschen f\u00fcr das Neue Jahr 2017!<\/p>\n<p><strong>Das FiS-Steuerteam:<\/strong><br \/>\nEllen Ferreira da Silva, Mariann Mohrenweiser, Irmgard Quelle, Annemarie Renftle,<br \/>\nGudrun Vohl-Gr\u00f6zinger, Roland Wagner<\/p>\n","protected":false},"excerpt":{"rendered":"<p>Ende des Jahres fasst ein neuer Rundbrief &#8211; inzwischen bereits der siebte &#8211; das aktuelle Geschehen, Neuigkeiten, Hinweise und Termine rund um die Fl\u00fcchtlingsarbeit in Stetten zusammen. Jetzt herunterladen: Rundbrief Nr. 7. Mit den besten Gr\u00fc\u00dfen und W\u00fcnschen f\u00fcr das Neue Jahr 2017! Das FiS-Steuerteam: Ellen Ferreira da Silva, Mariann Mohrenweiser, Irmgard Quelle, Annemarie Renftle, &hellip; <a href=\"http:\/\/fis-stetten.de\/wordpress\/rundbrief-nr-7-erschienen\/\" class=\"more-link\"><span class=\"screen-reader-text\">Rundbrief Nr. 7 erschienen<\/span> weiterlesen <span class=\"meta-nav\">&rarr;<\/span><\/a><\/p>\n","protected":false},"author":1,"featured_media":0,"comment_status":"closed","ping_status":"closed","sticky":false,"template":"","format":"standard","meta":[],"categories":[4],"tags":[],"_links":{"self":[{"href":"http:\/\/fis-stetten.de\/wordpress\/wp-json\/wp\/v2\/posts\/481"}],"collection":[{"href":"http:\/\/fis-stetten.de\/wordpress\/wp-json\/wp\/v2\/posts"}],"about":[{"href":"http:\/\/fis-stetten.de\/wordpress\/wp-json\/wp\/v2\/types\/post"}],"author":[{"embeddable":true,"href":"http:\/\/fis-stetten.de\/wordpress\/wp-json\/wp\/v2\/users\/1"}],"replies":[{"embeddable":true,"href":"http:\/\/fis-stetten.de\/wordpress\/wp-json\/wp\/v2\/comments?post=481"}],"version-history":[{"count":6,"href":"http:\/\/fis-stetten.de\/wordpress\/wp-json\/wp\/v2\/posts\/481\/revisions"}],"predecessor-version":[{"id":494,"href":"http:\/\/fis-stetten.de\/wordpress\/wp-json\/wp\/v2\/posts\/481\/revisions\/494"}],"wp:attachment":[{"href":"http:\/\/fis-stetten.de\/wordpress\/wp-json\/wp\/v2\/media?parent=481"}],"wp:term":[{"taxonomy":"category","embeddable":true,"href":"http:\/\/fis-stetten.de\/wordpress\/wp-json\/wp\/v2\/categories?post=481"},{"taxonomy":"post_tag","embeddable":true,"href":"http:\/\/fis-stetten.de\/wordpress\/wp-json\/wp\/v2\/tags?post=481"}],"curies":[{"name":"wp","href":"https:\/\/api.w.org\/{rel}","templated":true}]}}