{"id":473,"date":"2016-12-20T19:09:43","date_gmt":"2016-12-20T18:09:43","guid":{"rendered":"http:\/\/fis-stetten.de\/wordpress\/?p=473"},"modified":"2016-12-20T19:09:43","modified_gmt":"2016-12-20T18:09:43","slug":"gaeste-in-der-weihnachtszeit","status":"publish","type":"post","link":"http:\/\/fis-stetten.de\/wordpress\/gaeste-in-der-weihnachtszeit\/","title":{"rendered":"G\u00e4ste in der Weihnachtszeit"},"content":{"rendered":"<p>Wir vom FiS m\u00f6chten gerne wieder daf\u00fcr werben, dass \u00fcber die Weihnachtstage (bis 6. Januar) Leute aus dem N\u00f6dinger Hof in die H\u00e4user und Familien von Stetten eingeladen werden. Im letzen Jahr war es uns gelungen fast alle Personen \u201eunterzubringen\u201c. Es w\u00e4re sch\u00f6n, wenn uns das wieder gelingt.<!--more--><\/p>\n<p>In diesem Jahr d\u00fcrfte die Verst\u00e4ndigung sehr viel einfacher sein, denn fast alle k\u00f6nnen schon ein wenig Deutsch, und manche schon richtig gut.<br \/>\nEs ist ein sch\u00f6ner Weg einen neuen Kontakt zu kn\u00fcpfen oder Menschen besser kennenzulernen. Wir k\u00f6nnen den Fl\u00fcchtlingen zeigen, wie wir leben, was uns wichtig ist und ihnen mit Weihnachten auch einen Teil unserer Religion, unserer Tradition und Kultur n\u00e4her bringen.<\/p>\n<p>Bitte teilen Sie uns mit<\/p>\n<ul>\n<li style=\"text-align: justify;\">wenn Sie an der Aktion teilnehmen m\u00f6chten und wie viele Personen Sie einladen k\u00f6nnen<\/li>\n<li style=\"text-align: justify;\">wenn Sie bereits einen Kontakt haben und diese Person(en) einladen (bitte die Namen angeben)<\/li>\n<\/ul>\n","protected":false},"excerpt":{"rendered":"<p>Wir vom FiS m\u00f6chten gerne wieder daf\u00fcr werben, dass \u00fcber die Weihnachtstage (bis 6. Januar) Leute aus dem N\u00f6dinger Hof in die H\u00e4user und Familien von Stetten eingeladen werden. Im letzen Jahr war es uns gelungen fast alle Personen \u201eunterzubringen\u201c. Es w\u00e4re sch\u00f6n, wenn uns das wieder gelingt.<\/p>\n","protected":false},"author":1,"featured_media":0,"comment_status":"closed","ping_status":"closed","sticky":false,"template":"","format":"standard","meta":[],"categories":[4],"tags":[],"_links":{"self":[{"href":"http:\/\/fis-stetten.de\/wordpress\/wp-json\/wp\/v2\/posts\/473"}],"collection":[{"href":"http:\/\/fis-stetten.de\/wordpress\/wp-json\/wp\/v2\/posts"}],"about":[{"href":"http:\/\/fis-stetten.de\/wordpress\/wp-json\/wp\/v2\/types\/post"}],"author":[{"embeddable":true,"href":"http:\/\/fis-stetten.de\/wordpress\/wp-json\/wp\/v2\/users\/1"}],"replies":[{"embeddable":true,"href":"http:\/\/fis-stetten.de\/wordpress\/wp-json\/wp\/v2\/comments?post=473"}],"version-history":[{"count":1,"href":"http:\/\/fis-stetten.de\/wordpress\/wp-json\/wp\/v2\/posts\/473\/revisions"}],"predecessor-version":[{"id":474,"href":"http:\/\/fis-stetten.de\/wordpress\/wp-json\/wp\/v2\/posts\/473\/revisions\/474"}],"wp:attachment":[{"href":"http:\/\/fis-stetten.de\/wordpress\/wp-json\/wp\/v2\/media?parent=473"}],"wp:term":[{"taxonomy":"category","embeddable":true,"href":"http:\/\/fis-stetten.de\/wordpress\/wp-json\/wp\/v2\/categories?post=473"},{"taxonomy":"post_tag","embeddable":true,"href":"http:\/\/fis-stetten.de\/wordpress\/wp-json\/wp\/v2\/tags?post=473"}],"curies":[{"name":"wp","href":"https:\/\/api.w.org\/{rel}","templated":true}]}}