{"id":464,"date":"2016-11-28T19:55:26","date_gmt":"2016-11-28T18:55:26","guid":{"rendered":"http:\/\/fis-stetten.de\/wordpress\/?p=464"},"modified":"2016-12-04T17:46:26","modified_gmt":"2016-12-04T16:46:26","slug":"ein-jahr-cafe-international","status":"publish","type":"post","link":"http:\/\/fis-stetten.de\/wordpress\/ein-jahr-cafe-international\/","title":{"rendered":"Ein Jahr Caf\u00e9 International"},"content":{"rendered":"<p>Seit einem Jahr gibt es jetzt das Caf\u00e9 International im Stettener Gemeindehaus. Bei dem zwanglosen Treffen bei Kaffee und Kuchen haben bereits viele Begegnungen stattgefunden, viele Grenzen sind abgebaut und erste Kontakte gekn\u00fcpft worden.<!--more--><\/p>\n<p>Das Jubil\u00e4ums-Caf\u00e9 hat am 1. Advent 2016 stattgefunden. Kurz nach 15 Uhr waren im gro\u00dfen Saal des Gemeindehauses fast\u00a0 alle St\u00fchle\u00a0 besetzt. F\u00fcr alle Besucherinnen und Besucher, ob aus Stetten oder dem N\u00f6dinger Hof, standen wieder viele Kuchen bereit, den Kindern fiel\u00a0 die Auswahl schwer \u2013 den G\u00e4sten sicher auch. Einen ganz herzlichen Dank an die Firma Alnatura, die der FiS Kaffee spendete und an die Firma Ritter, die mit Schokoladentafeln und -t\u00e4felchen allen gro\u00dfe Freude bereitete. Zur Musik der Band <em>time out<\/em> konnten die G\u00e4ste zwar keine Weihnachtslieder singen, aber die Musik machte allen Freude und kam bestens an &#8211; das sah man an den Mienen der Zuh\u00f6rer.<\/p>\n<p>Annemarie Renftle vom FIS-Steuerteam erinnerte in ihrer Begr\u00fc\u00dfung an das erste Caf\u00e9 International vor einem Jahr. Damals war f\u00fcr Stettener und Fl\u00fcchtlinge alles noch neu; das Treffen war der Anfang des Engagements der Ehrenamtlichen und des Lernens der Zugezogenen. Heute, nach einem Jahr,\u00a0 sind Freundschaften entstanden,\u00a0 die Verst\u00e4ndigung ist keine un\u00fcberwindliche H\u00fcrde mehr, die Fl\u00fcchtlinge werden akzeptiert, nicht mehr blo\u00df geduldet.<\/p>\n<p>Es war wieder einmal ein sehr sch\u00f6ner Nachmittag , den Mitarbeiterinnen des Arbeitsbereichs, allen voran den Landfrauen, ein ganz herzliches Dankesch\u00f6n f\u00fcr ihr Engagement.<\/p>\n","protected":false},"excerpt":{"rendered":"<p>Seit einem Jahr gibt es jetzt das Caf\u00e9 International im Stettener Gemeindehaus. Bei dem zwanglosen Treffen bei Kaffee und Kuchen haben bereits viele Begegnungen stattgefunden, viele Grenzen sind abgebaut und erste Kontakte gekn\u00fcpft worden.<\/p>\n","protected":false},"author":1,"featured_media":0,"comment_status":"closed","ping_status":"closed","sticky":false,"template":"","format":"standard","meta":[],"categories":[4],"tags":[],"_links":{"self":[{"href":"http:\/\/fis-stetten.de\/wordpress\/wp-json\/wp\/v2\/posts\/464"}],"collection":[{"href":"http:\/\/fis-stetten.de\/wordpress\/wp-json\/wp\/v2\/posts"}],"about":[{"href":"http:\/\/fis-stetten.de\/wordpress\/wp-json\/wp\/v2\/types\/post"}],"author":[{"embeddable":true,"href":"http:\/\/fis-stetten.de\/wordpress\/wp-json\/wp\/v2\/users\/1"}],"replies":[{"embeddable":true,"href":"http:\/\/fis-stetten.de\/wordpress\/wp-json\/wp\/v2\/comments?post=464"}],"version-history":[{"count":4,"href":"http:\/\/fis-stetten.de\/wordpress\/wp-json\/wp\/v2\/posts\/464\/revisions"}],"predecessor-version":[{"id":468,"href":"http:\/\/fis-stetten.de\/wordpress\/wp-json\/wp\/v2\/posts\/464\/revisions\/468"}],"wp:attachment":[{"href":"http:\/\/fis-stetten.de\/wordpress\/wp-json\/wp\/v2\/media?parent=464"}],"wp:term":[{"taxonomy":"category","embeddable":true,"href":"http:\/\/fis-stetten.de\/wordpress\/wp-json\/wp\/v2\/categories?post=464"},{"taxonomy":"post_tag","embeddable":true,"href":"http:\/\/fis-stetten.de\/wordpress\/wp-json\/wp\/v2\/tags?post=464"}],"curies":[{"name":"wp","href":"https:\/\/api.w.org\/{rel}","templated":true}]}}