{"id":450,"date":"2016-11-16T17:45:34","date_gmt":"2016-11-16T16:45:34","guid":{"rendered":"http:\/\/fis-stetten.de\/wordpress\/?p=450"},"modified":"2016-11-16T17:52:16","modified_gmt":"2016-11-16T16:52:16","slug":"herzliche-begegnungen","status":"publish","type":"post","link":"http:\/\/fis-stetten.de\/wordpress\/herzliche-begegnungen\/","title":{"rendered":"Herzliche Begegnungen"},"content":{"rendered":"<p><a href=\"http:\/\/fis-stetten.de\/wordpress\/wp-content\/uploads\/2016\/11\/tag-der-offenen-tuer-3.jpg\"><img loading=\"lazy\" class=\"alignright size-medium wp-image-453\" src=\"http:\/\/fis-stetten.de\/wordpress\/wp-content\/uploads\/2016\/11\/tag-der-offenen-tuer-3-300x225.jpg\" alt=\"tag-der-offenen-tuer-3\" width=\"300\" height=\"225\" srcset=\"http:\/\/fis-stetten.de\/wordpress\/wp-content\/uploads\/2016\/11\/tag-der-offenen-tuer-3-300x225.jpg 300w, http:\/\/fis-stetten.de\/wordpress\/wp-content\/uploads\/2016\/11\/tag-der-offenen-tuer-3-1024x768.jpg 1024w, http:\/\/fis-stetten.de\/wordpress\/wp-content\/uploads\/2016\/11\/tag-der-offenen-tuer-3.jpg 1632w\" sizes=\"(max-width: 300px) 100vw, 300px\" \/><\/a>Zahlreiche Begegnungen zwischen Hausbewohnern und nahen und ferneren Nachbarn aus Stetten und Umgebung gab es beim Tag der offenen T\u00fcr am vergangenen Sonntag im N\u00f6dinger Hof. Bei vielen leckeren Speisen aus den Herkunftsl\u00e4ndern der gefl\u00fcchteten Familien, Frauen und M\u00e4nner, die im N\u00f6dinger Hof derzeit leben, entwickelten sich viele Gespr\u00e4che und ein lebhafter Austausch. F\u00fchrungen durch das Geb\u00e4ude, kleinere Vortr\u00e4ge und Informationen brachten die Menschen, die sich f\u00fcreinander interessierten, einander wieder ein St\u00fcck n\u00e4her.<!--more--><br \/>\n<a href=\"http:\/\/fis-stetten.de\/wordpress\/wp-content\/uploads\/2016\/11\/tag-der-offenen-tuer-1.jpg\"><img loading=\"lazy\" class=\"wp-image-451 size-full aligncenter\" src=\"http:\/\/fis-stetten.de\/wordpress\/wp-content\/uploads\/2016\/11\/tag-der-offenen-tuer-1.jpg\" alt=\"tag-der-offenen-tuer-1\" width=\"1224\" height=\"1632\" srcset=\"http:\/\/fis-stetten.de\/wordpress\/wp-content\/uploads\/2016\/11\/tag-der-offenen-tuer-1.jpg 1224w, http:\/\/fis-stetten.de\/wordpress\/wp-content\/uploads\/2016\/11\/tag-der-offenen-tuer-1-225x300.jpg 225w, http:\/\/fis-stetten.de\/wordpress\/wp-content\/uploads\/2016\/11\/tag-der-offenen-tuer-1-768x1024.jpg 768w\" sizes=\"(max-width: 1224px) 100vw, 1224px\" \/><\/a> <a href=\"http:\/\/fis-stetten.de\/wordpress\/wp-content\/uploads\/2016\/11\/tag-der-offenen-tuer-2.jpg\"><img loading=\"lazy\" class=\"wp-image-452 size-full aligncenter\" src=\"http:\/\/fis-stetten.de\/wordpress\/wp-content\/uploads\/2016\/11\/tag-der-offenen-tuer-2.jpg\" alt=\"tag-der-offenen-tuer-2\" width=\"1224\" height=\"1632\" srcset=\"http:\/\/fis-stetten.de\/wordpress\/wp-content\/uploads\/2016\/11\/tag-der-offenen-tuer-2.jpg 1224w, http:\/\/fis-stetten.de\/wordpress\/wp-content\/uploads\/2016\/11\/tag-der-offenen-tuer-2-225x300.jpg 225w, http:\/\/fis-stetten.de\/wordpress\/wp-content\/uploads\/2016\/11\/tag-der-offenen-tuer-2-768x1024.jpg 768w\" sizes=\"(max-width: 1224px) 100vw, 1224px\" \/><\/a> <a href=\"http:\/\/fis-stetten.de\/wordpress\/wp-content\/uploads\/2016\/11\/tag-der-offenen-tuer-3.jpg\"><img loading=\"lazy\" class=\"wp-image-453 size-large aligncenter\" src=\"http:\/\/fis-stetten.de\/wordpress\/wp-content\/uploads\/2016\/11\/tag-der-offenen-tuer-3-1024x768.jpg\" alt=\"tag-der-offenen-tuer-3\" width=\"604\" height=\"453\" srcset=\"http:\/\/fis-stetten.de\/wordpress\/wp-content\/uploads\/2016\/11\/tag-der-offenen-tuer-3-1024x768.jpg 1024w, http:\/\/fis-stetten.de\/wordpress\/wp-content\/uploads\/2016\/11\/tag-der-offenen-tuer-3-300x225.jpg 300w, http:\/\/fis-stetten.de\/wordpress\/wp-content\/uploads\/2016\/11\/tag-der-offenen-tuer-3.jpg 1632w\" sizes=\"(max-width: 604px) 100vw, 604px\" \/><\/a><\/p>\n<p>&nbsp;<\/p>\n","protected":false},"excerpt":{"rendered":"<p>Zahlreiche Begegnungen zwischen Hausbewohnern und nahen und ferneren Nachbarn aus Stetten und Umgebung gab es beim Tag der offenen T\u00fcr am vergangenen Sonntag im N\u00f6dinger Hof. Bei vielen leckeren Speisen aus den Herkunftsl\u00e4ndern der gefl\u00fcchteten Familien, Frauen und M\u00e4nner, die im N\u00f6dinger Hof derzeit leben, entwickelten sich viele Gespr\u00e4che und ein lebhafter Austausch. F\u00fchrungen durch &hellip; <a href=\"http:\/\/fis-stetten.de\/wordpress\/herzliche-begegnungen\/\" class=\"more-link\"><span class=\"screen-reader-text\">Herzliche Begegnungen<\/span> weiterlesen <span class=\"meta-nav\">&rarr;<\/span><\/a><\/p>\n","protected":false},"author":1,"featured_media":0,"comment_status":"closed","ping_status":"closed","sticky":false,"template":"","format":"standard","meta":[],"categories":[4],"tags":[],"_links":{"self":[{"href":"http:\/\/fis-stetten.de\/wordpress\/wp-json\/wp\/v2\/posts\/450"}],"collection":[{"href":"http:\/\/fis-stetten.de\/wordpress\/wp-json\/wp\/v2\/posts"}],"about":[{"href":"http:\/\/fis-stetten.de\/wordpress\/wp-json\/wp\/v2\/types\/post"}],"author":[{"embeddable":true,"href":"http:\/\/fis-stetten.de\/wordpress\/wp-json\/wp\/v2\/users\/1"}],"replies":[{"embeddable":true,"href":"http:\/\/fis-stetten.de\/wordpress\/wp-json\/wp\/v2\/comments?post=450"}],"version-history":[{"count":5,"href":"http:\/\/fis-stetten.de\/wordpress\/wp-json\/wp\/v2\/posts\/450\/revisions"}],"predecessor-version":[{"id":458,"href":"http:\/\/fis-stetten.de\/wordpress\/wp-json\/wp\/v2\/posts\/450\/revisions\/458"}],"wp:attachment":[{"href":"http:\/\/fis-stetten.de\/wordpress\/wp-json\/wp\/v2\/media?parent=450"}],"wp:term":[{"taxonomy":"category","embeddable":true,"href":"http:\/\/fis-stetten.de\/wordpress\/wp-json\/wp\/v2\/categories?post=450"},{"taxonomy":"post_tag","embeddable":true,"href":"http:\/\/fis-stetten.de\/wordpress\/wp-json\/wp\/v2\/tags?post=450"}],"curies":[{"name":"wp","href":"https:\/\/api.w.org\/{rel}","templated":true}]}}