{"id":447,"date":"2016-11-09T17:21:23","date_gmt":"2016-11-09T16:21:23","guid":{"rendered":"http:\/\/fis-stetten.de\/wordpress\/?p=447"},"modified":"2016-11-09T17:21:23","modified_gmt":"2016-11-09T16:21:23","slug":"stand-beim-stettener-advent","status":"publish","type":"post","link":"http:\/\/fis-stetten.de\/wordpress\/stand-beim-stettener-advent\/","title":{"rendered":"Stand beim Stettener Advent"},"content":{"rendered":"<p>Das FiS-Team m\u00f6chte gerne beim Stettener Advent am 3.12., 16 bis 18 Uhr, einen kleinen\u00a0Stand machen. Es wird voraussichtlich Tee ausgegeben und etwas Geb\u00e4ck. Wir suchen noch Helfer und Helferinnen f\u00fcr den Aufbau und die Standbetreuung sowie einen Unterstand, Pavillon oder \u00e4hnliches. Bitte unter <a href=\"mailto:info@fis-stetten.de\">info@fis-stetten.de<\/a>\u00a0melden.<\/p>\n","protected":false},"excerpt":{"rendered":"<p>Das FiS-Team m\u00f6chte gerne beim Stettener Advent am 3.12., 16 bis 18 Uhr, einen kleinen\u00a0Stand machen. Es wird voraussichtlich Tee ausgegeben und etwas Geb\u00e4ck. Wir suchen noch Helfer und Helferinnen f\u00fcr den Aufbau und die Standbetreuung sowie einen Unterstand, Pavillon oder \u00e4hnliches. Bitte unter info@fis-stetten.de\u00a0melden.<\/p>\n","protected":false},"author":1,"featured_media":0,"comment_status":"closed","ping_status":"closed","sticky":false,"template":"","format":"standard","meta":[],"categories":[4],"tags":[],"_links":{"self":[{"href":"http:\/\/fis-stetten.de\/wordpress\/wp-json\/wp\/v2\/posts\/447"}],"collection":[{"href":"http:\/\/fis-stetten.de\/wordpress\/wp-json\/wp\/v2\/posts"}],"about":[{"href":"http:\/\/fis-stetten.de\/wordpress\/wp-json\/wp\/v2\/types\/post"}],"author":[{"embeddable":true,"href":"http:\/\/fis-stetten.de\/wordpress\/wp-json\/wp\/v2\/users\/1"}],"replies":[{"embeddable":true,"href":"http:\/\/fis-stetten.de\/wordpress\/wp-json\/wp\/v2\/comments?post=447"}],"version-history":[{"count":1,"href":"http:\/\/fis-stetten.de\/wordpress\/wp-json\/wp\/v2\/posts\/447\/revisions"}],"predecessor-version":[{"id":448,"href":"http:\/\/fis-stetten.de\/wordpress\/wp-json\/wp\/v2\/posts\/447\/revisions\/448"}],"wp:attachment":[{"href":"http:\/\/fis-stetten.de\/wordpress\/wp-json\/wp\/v2\/media?parent=447"}],"wp:term":[{"taxonomy":"category","embeddable":true,"href":"http:\/\/fis-stetten.de\/wordpress\/wp-json\/wp\/v2\/categories?post=447"},{"taxonomy":"post_tag","embeddable":true,"href":"http:\/\/fis-stetten.de\/wordpress\/wp-json\/wp\/v2\/tags?post=447"}],"curies":[{"name":"wp","href":"https:\/\/api.w.org\/{rel}","templated":true}]}}