{"id":435,"date":"2016-11-05T08:51:49","date_gmt":"2016-11-05T07:51:49","guid":{"rendered":"http:\/\/fis-stetten.de\/wordpress\/?p=435"},"modified":"2016-11-05T08:56:54","modified_gmt":"2016-11-05T07:56:54","slug":"info-abende-herkunftslaender","status":"publish","type":"post","link":"http:\/\/fis-stetten.de\/wordpress\/info-abende-herkunftslaender\/","title":{"rendered":"Info-Abende Herkunftsl\u00e4nder"},"content":{"rendered":"<p>Stefanie Schwesig hat zusammen mit Herrn Matrai von der Stadt zwei sicher interessante und auch notwendige Info-Abende \u00fcber die Herkunftsl\u00e4nder der Fl\u00fcchtlinge in unserer Stadt organisiert. an zwei Abenden geht es um die L\u00e4nder Afganistan und Iran sowie Syrien und Irak. <!--more--><\/p>\n<p>Geplanter Verlauf der Abende:<\/p>\n<ul>\n<li><strong>8. November: Afghanistan und Iran<\/strong><\/li>\n<li><strong>15. November: Syrien und Irak<\/strong><\/li>\n<li>allg. Teil \u00fcber das Land und Fakten<\/li>\n<li>typische Sitten &amp; Br\u00e4uche. Dazu wird ein Dolmetscher etwas erz\u00e4hlen \u2013 Wie sieht der Alltag in dem Land aus? Was sind die Unterschiede zu Deutschland?<\/li>\n<li>Bericht eines Gefl\u00fcchtete n\u00fcber seinen Alltag und sein Leben daheim<\/li>\n<\/ul>\n<p>Es soll eine Informationsveranstaltung f\u00fcr uns \u201eEinheimische\u201c sein, um einen kleinen Einblick in das Leben\/ in die Heimat von unseren Campbewohnern zu bekommen.<\/p>\n<p><a href=\"http:\/\/fis-stetten.de\/wordpress\/wp-content\/uploads\/2016\/11\/Flyer-Kulturvortrag.pdf\">Flyer zur Veranstaltung herunterladen.<\/a><\/p>\n<p>&nbsp;<\/p>\n","protected":false},"excerpt":{"rendered":"<p>Stefanie Schwesig hat zusammen mit Herrn Matrai von der Stadt zwei sicher interessante und auch notwendige Info-Abende \u00fcber die Herkunftsl\u00e4nder der Fl\u00fcchtlinge in unserer Stadt organisiert. an zwei Abenden geht es um die L\u00e4nder Afganistan und Iran sowie Syrien und Irak.<\/p>\n","protected":false},"author":1,"featured_media":0,"comment_status":"closed","ping_status":"closed","sticky":false,"template":"","format":"standard","meta":[],"categories":[4],"tags":[],"_links":{"self":[{"href":"http:\/\/fis-stetten.de\/wordpress\/wp-json\/wp\/v2\/posts\/435"}],"collection":[{"href":"http:\/\/fis-stetten.de\/wordpress\/wp-json\/wp\/v2\/posts"}],"about":[{"href":"http:\/\/fis-stetten.de\/wordpress\/wp-json\/wp\/v2\/types\/post"}],"author":[{"embeddable":true,"href":"http:\/\/fis-stetten.de\/wordpress\/wp-json\/wp\/v2\/users\/1"}],"replies":[{"embeddable":true,"href":"http:\/\/fis-stetten.de\/wordpress\/wp-json\/wp\/v2\/comments?post=435"}],"version-history":[{"count":3,"href":"http:\/\/fis-stetten.de\/wordpress\/wp-json\/wp\/v2\/posts\/435\/revisions"}],"predecessor-version":[{"id":439,"href":"http:\/\/fis-stetten.de\/wordpress\/wp-json\/wp\/v2\/posts\/435\/revisions\/439"}],"wp:attachment":[{"href":"http:\/\/fis-stetten.de\/wordpress\/wp-json\/wp\/v2\/media?parent=435"}],"wp:term":[{"taxonomy":"category","embeddable":true,"href":"http:\/\/fis-stetten.de\/wordpress\/wp-json\/wp\/v2\/categories?post=435"},{"taxonomy":"post_tag","embeddable":true,"href":"http:\/\/fis-stetten.de\/wordpress\/wp-json\/wp\/v2\/tags?post=435"}],"curies":[{"name":"wp","href":"https:\/\/api.w.org\/{rel}","templated":true}]}}