{"id":433,"date":"2016-11-05T08:37:24","date_gmt":"2016-11-05T07:37:24","guid":{"rendered":"http:\/\/fis-stetten.de\/wordpress\/?p=433"},"modified":"2016-11-05T08:37:24","modified_gmt":"2016-11-05T07:37:24","slug":"wer-ist-wlan-experte","status":"publish","type":"post","link":"http:\/\/fis-stetten.de\/wordpress\/wer-ist-wlan-experte\/","title":{"rendered":"Wer ist WLAN-Experte?"},"content":{"rendered":"<p>Endlich scheint sich ein Weg aufzutun, wie wir den Leuten im N\u00f6dinger Hof zu einem WLAN-HotSpot im Haus verhelfen k\u00f6nnen. Um die Rahmenbedingungen und die Vereinbarungen mit den Fl\u00fcchtlingen k\u00fcmmern wir uns vom FiS-Steuerteam. Wir suchen aber noch jemand, der\/die uns bei der technischen und softwarem\u00e4\u00dfigen Einrichtung behilflich sein kann. Jemand mit IT- und\/oder\u00a0 Telekommunikationskenntnissen. Bitte beim Steuerteam melden: <a href=\"mailto:service@fis-stetten.de\">service@fis-stetten.de<\/a>.<\/p>\n","protected":false},"excerpt":{"rendered":"<p>Endlich scheint sich ein Weg aufzutun, wie wir den Leuten im N\u00f6dinger Hof zu einem WLAN-HotSpot im Haus verhelfen k\u00f6nnen. Um die Rahmenbedingungen und die Vereinbarungen mit den Fl\u00fcchtlingen k\u00fcmmern wir uns vom FiS-Steuerteam. Wir suchen aber noch jemand, der\/die uns bei der technischen und softwarem\u00e4\u00dfigen Einrichtung behilflich sein kann. Jemand mit IT- und\/oder\u00a0 Telekommunikationskenntnissen. &hellip; <a href=\"http:\/\/fis-stetten.de\/wordpress\/wer-ist-wlan-experte\/\" class=\"more-link\"><span class=\"screen-reader-text\">Wer ist WLAN-Experte?<\/span> weiterlesen <span class=\"meta-nav\">&rarr;<\/span><\/a><\/p>\n","protected":false},"author":1,"featured_media":0,"comment_status":"closed","ping_status":"closed","sticky":false,"template":"","format":"standard","meta":[],"categories":[4],"tags":[],"_links":{"self":[{"href":"http:\/\/fis-stetten.de\/wordpress\/wp-json\/wp\/v2\/posts\/433"}],"collection":[{"href":"http:\/\/fis-stetten.de\/wordpress\/wp-json\/wp\/v2\/posts"}],"about":[{"href":"http:\/\/fis-stetten.de\/wordpress\/wp-json\/wp\/v2\/types\/post"}],"author":[{"embeddable":true,"href":"http:\/\/fis-stetten.de\/wordpress\/wp-json\/wp\/v2\/users\/1"}],"replies":[{"embeddable":true,"href":"http:\/\/fis-stetten.de\/wordpress\/wp-json\/wp\/v2\/comments?post=433"}],"version-history":[{"count":1,"href":"http:\/\/fis-stetten.de\/wordpress\/wp-json\/wp\/v2\/posts\/433\/revisions"}],"predecessor-version":[{"id":434,"href":"http:\/\/fis-stetten.de\/wordpress\/wp-json\/wp\/v2\/posts\/433\/revisions\/434"}],"wp:attachment":[{"href":"http:\/\/fis-stetten.de\/wordpress\/wp-json\/wp\/v2\/media?parent=433"}],"wp:term":[{"taxonomy":"category","embeddable":true,"href":"http:\/\/fis-stetten.de\/wordpress\/wp-json\/wp\/v2\/categories?post=433"},{"taxonomy":"post_tag","embeddable":true,"href":"http:\/\/fis-stetten.de\/wordpress\/wp-json\/wp\/v2\/tags?post=433"}],"curies":[{"name":"wp","href":"https:\/\/api.w.org\/{rel}","templated":true}]}}