{"id":428,"date":"2016-10-05T09:23:48","date_gmt":"2016-10-05T07:23:48","guid":{"rendered":"http:\/\/fis-stetten.de\/wordpress\/?p=428"},"modified":"2016-10-05T10:08:28","modified_gmt":"2016-10-05T08:08:28","slug":"ein-tandem-fuer-baschir","status":"publish","type":"post","link":"http:\/\/fis-stetten.de\/wordpress\/ein-tandem-fuer-baschir\/","title":{"rendered":"Ein Tandem f\u00fcr Baschir"},"content":{"rendered":"<p>Unter den Bewohnern des N\u00f6dinger Hofs ist der stark sehbehinderte Baschir aus Afghanistan. Sein gr\u00f6\u00dfter Traum war ein Tandem &#8211; dann k\u00f6nnte seine Frau mit ihm in die Umgebung fahren. Dank einer Stettener Familie ist dieser Traum nun in Erf\u00fcllung gegangen. Die Familie besa\u00df ein Tandem, und nachdem sie Baschir und seine Frau\u00a0 kennengelernt hatten, bekamen die beiden Afghanen das Tandem. F\u00fcr die beiden war diese Gabe das gr\u00f6\u00dfte und sch\u00f6nste Geschenk seit langer Zeit. Auch das Team von FiS\u00a0 dankt den Spendern sehr herzlich.<\/p>\n","protected":false},"excerpt":{"rendered":"<p>Unter den Bewohnern des N\u00f6dinger Hofs ist der stark sehbehinderte Baschir aus Afghanistan. Sein gr\u00f6\u00dfter Traum war ein Tandem &#8211; dann k\u00f6nnte seine Frau mit ihm in die Umgebung fahren. Dank einer Stettener Familie ist dieser Traum nun in Erf\u00fcllung gegangen. Die Familie besa\u00df ein Tandem, und nachdem sie Baschir und seine Frau\u00a0 kennengelernt hatten, &hellip; <a href=\"http:\/\/fis-stetten.de\/wordpress\/ein-tandem-fuer-baschir\/\" class=\"more-link\"><span class=\"screen-reader-text\">Ein Tandem f\u00fcr Baschir<\/span> weiterlesen <span class=\"meta-nav\">&rarr;<\/span><\/a><\/p>\n","protected":false},"author":1,"featured_media":0,"comment_status":"closed","ping_status":"closed","sticky":false,"template":"","format":"standard","meta":[],"categories":[4],"tags":[],"_links":{"self":[{"href":"http:\/\/fis-stetten.de\/wordpress\/wp-json\/wp\/v2\/posts\/428"}],"collection":[{"href":"http:\/\/fis-stetten.de\/wordpress\/wp-json\/wp\/v2\/posts"}],"about":[{"href":"http:\/\/fis-stetten.de\/wordpress\/wp-json\/wp\/v2\/types\/post"}],"author":[{"embeddable":true,"href":"http:\/\/fis-stetten.de\/wordpress\/wp-json\/wp\/v2\/users\/1"}],"replies":[{"embeddable":true,"href":"http:\/\/fis-stetten.de\/wordpress\/wp-json\/wp\/v2\/comments?post=428"}],"version-history":[{"count":2,"href":"http:\/\/fis-stetten.de\/wordpress\/wp-json\/wp\/v2\/posts\/428\/revisions"}],"predecessor-version":[{"id":430,"href":"http:\/\/fis-stetten.de\/wordpress\/wp-json\/wp\/v2\/posts\/428\/revisions\/430"}],"wp:attachment":[{"href":"http:\/\/fis-stetten.de\/wordpress\/wp-json\/wp\/v2\/media?parent=428"}],"wp:term":[{"taxonomy":"category","embeddable":true,"href":"http:\/\/fis-stetten.de\/wordpress\/wp-json\/wp\/v2\/categories?post=428"},{"taxonomy":"post_tag","embeddable":true,"href":"http:\/\/fis-stetten.de\/wordpress\/wp-json\/wp\/v2\/tags?post=428"}],"curies":[{"name":"wp","href":"https:\/\/api.w.org\/{rel}","templated":true}]}}