{"id":426,"date":"2016-10-05T09:19:28","date_gmt":"2016-10-05T07:19:28","guid":{"rendered":"http:\/\/fis-stetten.de\/wordpress\/?p=426"},"modified":"2016-10-05T09:19:28","modified_gmt":"2016-10-05T07:19:28","slug":"basteln-mit-bosch","status":"publish","type":"post","link":"http:\/\/fis-stetten.de\/wordpress\/basteln-mit-bosch\/","title":{"rendered":"Basteln mit Bosch"},"content":{"rendered":"<p>Dieses Mal waren der Einladung zum Caf\u00e9 International, das am vergangenen Sonntag stattfand,\u00a0 nicht so viele G\u00e4ste gefolgt . F\u00fcr diejenigen G\u00e4ste, die\u00a0 sich im Gemeindehaus eingefunden hatten,\u00a0 war das Angebot einer Projektgruppe der Firma Bosch jedoch ein Erlebnis.\u00a0 In einem Bastelworkshop stellten die Besucherinnen und Besucher zuerst Bilderrahmen her, in die sie dann Bilder, die mit der Sofortbildkamera aufgenommen waren, einf\u00fcgen konnten. Diesen Nachmittag werden die Bastlerinnen und Bastler nicht vergessen. Wir bedanken uns bei der Projektgruppe der Firma Bosch f\u00fcr dieses Engagement.<\/p>\n","protected":false},"excerpt":{"rendered":"<p>Dieses Mal waren der Einladung zum Caf\u00e9 International, das am vergangenen Sonntag stattfand,\u00a0 nicht so viele G\u00e4ste gefolgt . F\u00fcr diejenigen G\u00e4ste, die\u00a0 sich im Gemeindehaus eingefunden hatten,\u00a0 war das Angebot einer Projektgruppe der Firma Bosch jedoch ein Erlebnis.\u00a0 In einem Bastelworkshop stellten die Besucherinnen und Besucher zuerst Bilderrahmen her, in die sie dann Bilder, &hellip; <a href=\"http:\/\/fis-stetten.de\/wordpress\/basteln-mit-bosch\/\" class=\"more-link\"><span class=\"screen-reader-text\">Basteln mit Bosch<\/span> weiterlesen <span class=\"meta-nav\">&rarr;<\/span><\/a><\/p>\n","protected":false},"author":1,"featured_media":0,"comment_status":"closed","ping_status":"closed","sticky":false,"template":"","format":"standard","meta":[],"categories":[4],"tags":[],"_links":{"self":[{"href":"http:\/\/fis-stetten.de\/wordpress\/wp-json\/wp\/v2\/posts\/426"}],"collection":[{"href":"http:\/\/fis-stetten.de\/wordpress\/wp-json\/wp\/v2\/posts"}],"about":[{"href":"http:\/\/fis-stetten.de\/wordpress\/wp-json\/wp\/v2\/types\/post"}],"author":[{"embeddable":true,"href":"http:\/\/fis-stetten.de\/wordpress\/wp-json\/wp\/v2\/users\/1"}],"replies":[{"embeddable":true,"href":"http:\/\/fis-stetten.de\/wordpress\/wp-json\/wp\/v2\/comments?post=426"}],"version-history":[{"count":1,"href":"http:\/\/fis-stetten.de\/wordpress\/wp-json\/wp\/v2\/posts\/426\/revisions"}],"predecessor-version":[{"id":427,"href":"http:\/\/fis-stetten.de\/wordpress\/wp-json\/wp\/v2\/posts\/426\/revisions\/427"}],"wp:attachment":[{"href":"http:\/\/fis-stetten.de\/wordpress\/wp-json\/wp\/v2\/media?parent=426"}],"wp:term":[{"taxonomy":"category","embeddable":true,"href":"http:\/\/fis-stetten.de\/wordpress\/wp-json\/wp\/v2\/categories?post=426"},{"taxonomy":"post_tag","embeddable":true,"href":"http:\/\/fis-stetten.de\/wordpress\/wp-json\/wp\/v2\/tags?post=426"}],"curies":[{"name":"wp","href":"https:\/\/api.w.org\/{rel}","templated":true}]}}