{"id":421,"date":"2016-10-05T09:15:35","date_gmt":"2016-10-05T07:15:35","guid":{"rendered":"http:\/\/fis-stetten.de\/wordpress\/?p=421"},"modified":"2016-10-05T09:16:59","modified_gmt":"2016-10-05T07:16:59","slug":"dank-an-die-ludwig-uhland-schueler","status":"publish","type":"post","link":"http:\/\/fis-stetten.de\/wordpress\/dank-an-die-ludwig-uhland-schueler\/","title":{"rendered":"Dank an Ludwig-Uhland-Sch\u00fcler"},"content":{"rendered":"<p><a href=\"http:\/\/fis-stetten.de\/wordpress\/wp-content\/uploads\/2016\/10\/uebergabe.jpg\"><img loading=\"lazy\" class=\"size-medium wp-image-420 alignright\" src=\"http:\/\/fis-stetten.de\/wordpress\/wp-content\/uploads\/2016\/10\/uebergabe-300x169.jpg\" alt=\"uebergabe\" width=\"300\" height=\"169\" srcset=\"http:\/\/fis-stetten.de\/wordpress\/wp-content\/uploads\/2016\/10\/uebergabe-300x169.jpg 300w, http:\/\/fis-stetten.de\/wordpress\/wp-content\/uploads\/2016\/10\/uebergabe.jpg 1024w\" sizes=\"(max-width: 300px) 100vw, 300px\" \/><\/a>Die Sch\u00fclerinnen und Sch\u00fcler der Ludwig-Uhland-Schule in Leinfelden veranstalteten in der Adventszeit 2015 einen Basar, dessen Erl\u00f6s sie den Kindern im N\u00f6dinger Hof spendeten, die kurz zuvor in Stetten Asyl gefunden hatten. Welche Erlebnisse den Kindern durch diese Spenden erm\u00f6glicht wurden, zeigt eine Bildertafel, die jetzt der Schule \u00fcberreicht worden ist.<!--more--><\/p>\n<p>Aufgrund verschiedener Vorschriften konnten im N\u00f6dinger Hof vom Spendengeld keine Spielger\u00e4te angeschafft und aufgebaut werden. Dass\u00a0 die Kinder trotz aller Schwierigkeiten jedoch viel erleben konnten, haben die ehrenamtlichen Mitarbeiterinnen\u00a0 in einer Bildergalerie dokumentiert.<\/p>\n<p><a href=\"http:\/\/fis-stetten.de\/wordpress\/wp-content\/uploads\/2016\/10\/uebergabe.jpg\"><img loading=\"lazy\" class=\"size-full wp-image-420 alignnone\" src=\"http:\/\/fis-stetten.de\/wordpress\/wp-content\/uploads\/2016\/10\/uebergabe.jpg\" alt=\"uebergabe\" width=\"1024\" height=\"576\" srcset=\"http:\/\/fis-stetten.de\/wordpress\/wp-content\/uploads\/2016\/10\/uebergabe.jpg 1024w, http:\/\/fis-stetten.de\/wordpress\/wp-content\/uploads\/2016\/10\/uebergabe-300x169.jpg 300w\" sizes=\"(max-width: 1024px) 100vw, 1024px\" \/><\/a><\/p>\n<p>In der vergangenen Woche haben Kinderbetreuerinnen aus Stetten mit dieser Fototafel der Ludwig-Uhland-Schule nochmals f\u00fcr das Engagement der Sch\u00fclerinnen und Sch\u00fcler gedankt. Die Freude der Kinder, ihre strahlenden Augen beim Eselsreiten, in der Wilhelma oder im Bernh\u00e4user Forst waren f\u00fcr\u00a0Gabriele Roegers, die Rektorin der Schule, ein Zeichen, dass die Spende dabei geholfen hat, Kinder gl\u00fccklich zu machen.<\/p>\n","protected":false},"excerpt":{"rendered":"<p>Die Sch\u00fclerinnen und Sch\u00fcler der Ludwig-Uhland-Schule in Leinfelden veranstalteten in der Adventszeit 2015 einen Basar, dessen Erl\u00f6s sie den Kindern im N\u00f6dinger Hof spendeten, die kurz zuvor in Stetten Asyl gefunden hatten. Welche Erlebnisse den Kindern durch diese Spenden erm\u00f6glicht wurden, zeigt eine Bildertafel, die jetzt der Schule \u00fcberreicht worden ist.<\/p>\n","protected":false},"author":1,"featured_media":0,"comment_status":"closed","ping_status":"closed","sticky":false,"template":"","format":"standard","meta":[],"categories":[4],"tags":[],"_links":{"self":[{"href":"http:\/\/fis-stetten.de\/wordpress\/wp-json\/wp\/v2\/posts\/421"}],"collection":[{"href":"http:\/\/fis-stetten.de\/wordpress\/wp-json\/wp\/v2\/posts"}],"about":[{"href":"http:\/\/fis-stetten.de\/wordpress\/wp-json\/wp\/v2\/types\/post"}],"author":[{"embeddable":true,"href":"http:\/\/fis-stetten.de\/wordpress\/wp-json\/wp\/v2\/users\/1"}],"replies":[{"embeddable":true,"href":"http:\/\/fis-stetten.de\/wordpress\/wp-json\/wp\/v2\/comments?post=421"}],"version-history":[{"count":4,"href":"http:\/\/fis-stetten.de\/wordpress\/wp-json\/wp\/v2\/posts\/421\/revisions"}],"predecessor-version":[{"id":425,"href":"http:\/\/fis-stetten.de\/wordpress\/wp-json\/wp\/v2\/posts\/421\/revisions\/425"}],"wp:attachment":[{"href":"http:\/\/fis-stetten.de\/wordpress\/wp-json\/wp\/v2\/media?parent=421"}],"wp:term":[{"taxonomy":"category","embeddable":true,"href":"http:\/\/fis-stetten.de\/wordpress\/wp-json\/wp\/v2\/categories?post=421"},{"taxonomy":"post_tag","embeddable":true,"href":"http:\/\/fis-stetten.de\/wordpress\/wp-json\/wp\/v2\/tags?post=421"}],"curies":[{"name":"wp","href":"https:\/\/api.w.org\/{rel}","templated":true}]}}