{"id":403,"date":"2016-09-20T20:30:07","date_gmt":"2016-09-20T18:30:07","guid":{"rendered":"http:\/\/fis-stetten.de\/wordpress\/?p=403"},"modified":"2016-09-20T20:31:34","modified_gmt":"2016-09-20T18:31:34","slug":"dafuer-verwenden-wir-ihre-spenden","status":"publish","type":"post","link":"http:\/\/fis-stetten.de\/wordpress\/dafuer-verwenden-wir-ihre-spenden\/","title":{"rendered":"Daf\u00fcr verwenden wir Spenden:"},"content":{"rendered":"<p>Seit die Fl\u00fcchtlinge im N\u00f6dinger Hof leben, haben viele Spender \u00a0mit Geld- oder Sachspenden unsere Arbeit unterst\u00fctzt. Mit dem anvertrauten Geld sind wir sehr achtsam umgegangen. Es ist unserer Meinung nach wichtig, dass wir Sie \u00fcber die Verwendung einiger gr\u00f6\u00dferer Betr\u00e4ge unterrichten.<!--more--><\/p>\n<p>F\u00fcr die kleinen Kinder wollten wir im Gro\u00dfen Saal eine Spielecke bauen \u2013 das wurde wegen haftungsrechtlicher Vorschriften nicht erlaubt. Wir haben dann nach intensiver Beratung <strong>p\u00e4dagogisch wertvolle Spielsachen, Musikinstrumente und ein Schwungtuch<\/strong> gekauft, Kosten:<strong> ca. 400 Euro<\/strong>.<\/p>\n<p>Acht Kindern haben wir die <strong>Teilnahme im Waldheim Bernh\u00e4user Forst<\/strong> durch einen Zuschuss zu dem Elternbetrag erm\u00f6glicht, Kosten <strong>560 Euro<\/strong>.<strong><br \/>\n<\/strong><\/p>\n<p>F\u00fcr die\u00a0 Asylanten, die ihre <strong>Sprachkurse<\/strong> selbst bezahlen m\u00fcssen, \u00fcbernahmen wir 50% der Kosten, zur Zeit belaufen sich die Kosten auf <strong>etwa 1000 Euro<\/strong>.<\/p>\n<p>Einem jungen Afghanen, der durch <strong>Speziallinsen<\/strong> vor vollst\u00e4ndiger Erblindung verschont werden kann, gaben wir einen Zuschuss von <strong>150 Euro<\/strong>.<\/p>\n<p>Eine H\u00e4matologin, die eine <strong>Impfung<\/strong> nachweisen musste, bevor sie eine Stelle in einem Labor antreten durfte, zahlten wir anteilig f\u00fcr<strong> Impfkosten 160 Euro<\/strong>.<\/p>\n<p>Wir bedanken uns bei allen Spenderinnen und Spendern von Herzen und w\u00fcnschen, dass sie, wenn sie einmal in Not geraten sollten, auch Hilfe erhalten. F\u00fcr weitere Spenden sind wir immer dankbare Annehmer.<\/p>\n","protected":false},"excerpt":{"rendered":"<p>Seit die Fl\u00fcchtlinge im N\u00f6dinger Hof leben, haben viele Spender \u00a0mit Geld- oder Sachspenden unsere Arbeit unterst\u00fctzt. Mit dem anvertrauten Geld sind wir sehr achtsam umgegangen. Es ist unserer Meinung nach wichtig, dass wir Sie \u00fcber die Verwendung einiger gr\u00f6\u00dferer Betr\u00e4ge unterrichten.<\/p>\n","protected":false},"author":1,"featured_media":0,"comment_status":"closed","ping_status":"closed","sticky":false,"template":"","format":"standard","meta":[],"categories":[4],"tags":[],"_links":{"self":[{"href":"http:\/\/fis-stetten.de\/wordpress\/wp-json\/wp\/v2\/posts\/403"}],"collection":[{"href":"http:\/\/fis-stetten.de\/wordpress\/wp-json\/wp\/v2\/posts"}],"about":[{"href":"http:\/\/fis-stetten.de\/wordpress\/wp-json\/wp\/v2\/types\/post"}],"author":[{"embeddable":true,"href":"http:\/\/fis-stetten.de\/wordpress\/wp-json\/wp\/v2\/users\/1"}],"replies":[{"embeddable":true,"href":"http:\/\/fis-stetten.de\/wordpress\/wp-json\/wp\/v2\/comments?post=403"}],"version-history":[{"count":5,"href":"http:\/\/fis-stetten.de\/wordpress\/wp-json\/wp\/v2\/posts\/403\/revisions"}],"predecessor-version":[{"id":408,"href":"http:\/\/fis-stetten.de\/wordpress\/wp-json\/wp\/v2\/posts\/403\/revisions\/408"}],"wp:attachment":[{"href":"http:\/\/fis-stetten.de\/wordpress\/wp-json\/wp\/v2\/media?parent=403"}],"wp:term":[{"taxonomy":"category","embeddable":true,"href":"http:\/\/fis-stetten.de\/wordpress\/wp-json\/wp\/v2\/categories?post=403"},{"taxonomy":"post_tag","embeddable":true,"href":"http:\/\/fis-stetten.de\/wordpress\/wp-json\/wp\/v2\/tags?post=403"}],"curies":[{"name":"wp","href":"https:\/\/api.w.org\/{rel}","templated":true}]}}