{"id":375,"date":"2016-08-23T11:17:41","date_gmt":"2016-08-23T09:17:41","guid":{"rendered":"http:\/\/fis-stetten.de\/wordpress\/?p=375"},"modified":"2016-09-26T17:14:34","modified_gmt":"2016-09-26T15:14:34","slug":"ferien-im-waldheim","status":"publish","type":"post","link":"http:\/\/fis-stetten.de\/wordpress\/ferien-im-waldheim\/","title":{"rendered":"Ferien im Waldheim"},"content":{"rendered":"<p><a href=\"http:\/\/fis-stetten.de\/wordpress\/wp-content\/uploads\/2016\/08\/waldheim.jpg\"><img loading=\"lazy\" class=\"size-medium wp-image-376 alignright\" src=\"http:\/\/fis-stetten.de\/wordpress\/wp-content\/uploads\/2016\/08\/waldheim-300x225.jpg\" alt=\"waldheim\" width=\"300\" height=\"225\" srcset=\"http:\/\/fis-stetten.de\/wordpress\/wp-content\/uploads\/2016\/08\/waldheim-300x225.jpg 300w, http:\/\/fis-stetten.de\/wordpress\/wp-content\/uploads\/2016\/08\/waldheim.jpg 1024w\" sizes=\"(max-width: 300px) 100vw, 300px\" \/><\/a>Acht Kinder aus dem N\u00f6dinger Hof durften w\u00e4hrend der zweiten Waldheimwoche im Bernh\u00e4user Forst ihre Ferien verbringen. Keines der Kinder hatte Schwierigkeiten bei der Verst\u00e4ndigung, was wir als sehr positives Zeichen werten. Und beim Spielen oder Basteln habe es \u00fcberhaupt keinen Unterschied gemacht, welches Kind mehr Tore schie\u00dft oder das sch\u00f6nste Glas ritzt.<\/p>\n<p><a href=\"http:\/\/fis-stetten.de\/wordpress\/wp-content\/uploads\/2016\/09\/IMG_2936.jpg\"><img loading=\"lazy\" class=\"size-full wp-image-411 aligncenter\" src=\"http:\/\/fis-stetten.de\/wordpress\/wp-content\/uploads\/2016\/09\/IMG_2936.jpg\" alt=\"img_2936\" width=\"665\" height=\"471\" srcset=\"http:\/\/fis-stetten.de\/wordpress\/wp-content\/uploads\/2016\/09\/IMG_2936.jpg 665w, http:\/\/fis-stetten.de\/wordpress\/wp-content\/uploads\/2016\/09\/IMG_2936-300x212.jpg 300w\" sizes=\"(max-width: 665px) 100vw, 665px\" \/><\/a><\/p>\n","protected":false},"excerpt":{"rendered":"<p>Acht Kinder aus dem N\u00f6dinger Hof durften w\u00e4hrend der zweiten Waldheimwoche im Bernh\u00e4user Forst ihre Ferien verbringen. Keines der Kinder hatte Schwierigkeiten bei der Verst\u00e4ndigung, was wir als sehr positives Zeichen werten. Und beim Spielen oder Basteln habe es \u00fcberhaupt keinen Unterschied gemacht, welches Kind mehr Tore schie\u00dft oder das sch\u00f6nste Glas ritzt.<\/p>\n","protected":false},"author":1,"featured_media":0,"comment_status":"closed","ping_status":"closed","sticky":false,"template":"","format":"standard","meta":[],"categories":[4],"tags":[],"_links":{"self":[{"href":"http:\/\/fis-stetten.de\/wordpress\/wp-json\/wp\/v2\/posts\/375"}],"collection":[{"href":"http:\/\/fis-stetten.de\/wordpress\/wp-json\/wp\/v2\/posts"}],"about":[{"href":"http:\/\/fis-stetten.de\/wordpress\/wp-json\/wp\/v2\/types\/post"}],"author":[{"embeddable":true,"href":"http:\/\/fis-stetten.de\/wordpress\/wp-json\/wp\/v2\/users\/1"}],"replies":[{"embeddable":true,"href":"http:\/\/fis-stetten.de\/wordpress\/wp-json\/wp\/v2\/comments?post=375"}],"version-history":[{"count":5,"href":"http:\/\/fis-stetten.de\/wordpress\/wp-json\/wp\/v2\/posts\/375\/revisions"}],"predecessor-version":[{"id":414,"href":"http:\/\/fis-stetten.de\/wordpress\/wp-json\/wp\/v2\/posts\/375\/revisions\/414"}],"wp:attachment":[{"href":"http:\/\/fis-stetten.de\/wordpress\/wp-json\/wp\/v2\/media?parent=375"}],"wp:term":[{"taxonomy":"category","embeddable":true,"href":"http:\/\/fis-stetten.de\/wordpress\/wp-json\/wp\/v2\/categories?post=375"},{"taxonomy":"post_tag","embeddable":true,"href":"http:\/\/fis-stetten.de\/wordpress\/wp-json\/wp\/v2\/tags?post=375"}],"curies":[{"name":"wp","href":"https:\/\/api.w.org\/{rel}","templated":true}]}}