{"id":369,"date":"2016-08-04T21:09:55","date_gmt":"2016-08-04T19:09:55","guid":{"rendered":"http:\/\/fis-stetten.de\/wordpress\/?p=369"},"modified":"2016-08-04T21:10:15","modified_gmt":"2016-08-04T19:10:15","slug":"sprachkurse-in-den-ferien","status":"publish","type":"post","link":"http:\/\/fis-stetten.de\/wordpress\/sprachkurse-in-den-ferien\/","title":{"rendered":"Sprachkurse in den Ferien"},"content":{"rendered":"<p>Da w\u00e4hrend der Ferien der Sprachunterricht der VHS ausgesetzt wird, haben sich FIS-Sprachbegleiter bereit erkl\u00e4rt, in dieser Zeit den Unterricht nicht ruhen zu lassen. Da einige der Ehrenamtlichen urlauben werden, suchen wir Erwachsene, Sch\u00fclerinnen oder Sch\u00fcler, die einspringen k\u00f6nnten.<\/p>\n<p>Termine: Montag 8.8., Dienstag 9.8. und Mittwoch 10.8. von 9 \u2013 11 Uhr .<\/p>\n","protected":false},"excerpt":{"rendered":"<p>Da w\u00e4hrend der Ferien der Sprachunterricht der VHS ausgesetzt wird, haben sich FIS-Sprachbegleiter bereit erkl\u00e4rt, in dieser Zeit den Unterricht nicht ruhen zu lassen. Da einige der Ehrenamtlichen urlauben werden, suchen wir Erwachsene, Sch\u00fclerinnen oder Sch\u00fcler, die einspringen k\u00f6nnten. Termine: Montag 8.8., Dienstag 9.8. und Mittwoch 10.8. von 9 \u2013 11 Uhr .<\/p>\n","protected":false},"author":1,"featured_media":0,"comment_status":"closed","ping_status":"closed","sticky":false,"template":"","format":"standard","meta":[],"categories":[4],"tags":[],"_links":{"self":[{"href":"http:\/\/fis-stetten.de\/wordpress\/wp-json\/wp\/v2\/posts\/369"}],"collection":[{"href":"http:\/\/fis-stetten.de\/wordpress\/wp-json\/wp\/v2\/posts"}],"about":[{"href":"http:\/\/fis-stetten.de\/wordpress\/wp-json\/wp\/v2\/types\/post"}],"author":[{"embeddable":true,"href":"http:\/\/fis-stetten.de\/wordpress\/wp-json\/wp\/v2\/users\/1"}],"replies":[{"embeddable":true,"href":"http:\/\/fis-stetten.de\/wordpress\/wp-json\/wp\/v2\/comments?post=369"}],"version-history":[{"count":2,"href":"http:\/\/fis-stetten.de\/wordpress\/wp-json\/wp\/v2\/posts\/369\/revisions"}],"predecessor-version":[{"id":371,"href":"http:\/\/fis-stetten.de\/wordpress\/wp-json\/wp\/v2\/posts\/369\/revisions\/371"}],"wp:attachment":[{"href":"http:\/\/fis-stetten.de\/wordpress\/wp-json\/wp\/v2\/media?parent=369"}],"wp:term":[{"taxonomy":"category","embeddable":true,"href":"http:\/\/fis-stetten.de\/wordpress\/wp-json\/wp\/v2\/categories?post=369"},{"taxonomy":"post_tag","embeddable":true,"href":"http:\/\/fis-stetten.de\/wordpress\/wp-json\/wp\/v2\/tags?post=369"}],"curies":[{"name":"wp","href":"https:\/\/api.w.org\/{rel}","templated":true}]}}