{"id":360,"date":"2016-07-16T09:22:34","date_gmt":"2016-07-16T07:22:34","guid":{"rendered":"http:\/\/fis-stetten.de\/wordpress\/?p=360"},"modified":"2016-07-16T09:32:34","modified_gmt":"2016-07-16T07:32:34","slug":"wohnungen-gesucht","status":"publish","type":"post","link":"http:\/\/fis-stetten.de\/wordpress\/wohnungen-gesucht\/","title":{"rendered":"Wohnungen dringend gesucht"},"content":{"rendered":"<p>Seit kurzem hat die Stadt Leinfelden-Echterdingen das Projekt \u201eLEMietet\u201c f\u00fcr die anerkannten Asylbewerber gestartet. Wir bem\u00fchen uns ebenfalls, dass die Familien und Singles, die ausziehen d\u00fcrfen, in der N\u00e4he eine Unterkunft finden. Bitte helfen Sie mit bei der Suche. Angebote an <a href=\"mailto:info@fis-stetten.de\">info@fis-stetten.de<\/a> oder an Frau Belz von der Stadtverwaltung unter <a href=\"mailto:c.belz@le-mail.de\">c.belz@le-mail.de<\/a><\/p>\n","protected":false},"excerpt":{"rendered":"<p>Seit kurzem hat die Stadt Leinfelden-Echterdingen das Projekt \u201eLEMietet\u201c f\u00fcr die anerkannten Asylbewerber gestartet. Wir bem\u00fchen uns ebenfalls, dass die Familien und Singles, die ausziehen d\u00fcrfen, in der N\u00e4he eine Unterkunft finden. Bitte helfen Sie mit bei der Suche. Angebote an info@fis-stetten.de oder an Frau Belz von der Stadtverwaltung unter c.belz@le-mail.de<\/p>\n","protected":false},"author":1,"featured_media":0,"comment_status":"closed","ping_status":"closed","sticky":false,"template":"","format":"standard","meta":[],"categories":[4],"tags":[],"_links":{"self":[{"href":"http:\/\/fis-stetten.de\/wordpress\/wp-json\/wp\/v2\/posts\/360"}],"collection":[{"href":"http:\/\/fis-stetten.de\/wordpress\/wp-json\/wp\/v2\/posts"}],"about":[{"href":"http:\/\/fis-stetten.de\/wordpress\/wp-json\/wp\/v2\/types\/post"}],"author":[{"embeddable":true,"href":"http:\/\/fis-stetten.de\/wordpress\/wp-json\/wp\/v2\/users\/1"}],"replies":[{"embeddable":true,"href":"http:\/\/fis-stetten.de\/wordpress\/wp-json\/wp\/v2\/comments?post=360"}],"version-history":[{"count":2,"href":"http:\/\/fis-stetten.de\/wordpress\/wp-json\/wp\/v2\/posts\/360\/revisions"}],"predecessor-version":[{"id":365,"href":"http:\/\/fis-stetten.de\/wordpress\/wp-json\/wp\/v2\/posts\/360\/revisions\/365"}],"wp:attachment":[{"href":"http:\/\/fis-stetten.de\/wordpress\/wp-json\/wp\/v2\/media?parent=360"}],"wp:term":[{"taxonomy":"category","embeddable":true,"href":"http:\/\/fis-stetten.de\/wordpress\/wp-json\/wp\/v2\/categories?post=360"},{"taxonomy":"post_tag","embeddable":true,"href":"http:\/\/fis-stetten.de\/wordpress\/wp-json\/wp\/v2\/tags?post=360"}],"curies":[{"name":"wp","href":"https:\/\/api.w.org\/{rel}","templated":true}]}}