{"id":357,"date":"2016-07-03T17:40:00","date_gmt":"2016-07-03T15:40:00","guid":{"rendered":"http:\/\/fis-stetten.de\/wordpress\/?p=357"},"modified":"2016-07-03T17:40:00","modified_gmt":"2016-07-03T15:40:00","slug":"neuer-bastelkreis","status":"publish","type":"post","link":"http:\/\/fis-stetten.de\/wordpress\/neuer-bastelkreis\/","title":{"rendered":"Neuer Bastelkreis"},"content":{"rendered":"<p>Die Frauen, die im N\u00f6dinger Hof leben, m\u00f6chten sich gerne sinnvoll bet\u00e4tigen. Da die meisten von ihnen verschiedenste Handarbeiten kennen und auch k\u00f6nnen, haben sie den Plan entwickelt, mit\u00a0 deutschen Frauen gemeinsam zu handarbeiten und zu basteln. Deshalb soll es nun einen neuen Bastelkreis geben.<!--more--><\/p>\n<p>Das Leitungsteam von FiS wurde von den Frauen, ihr Anliegen zu unterst\u00fctzen und \u2013 was wir sehr gern tun \u2013 hiesige Frauen zu diesem Bastelkreis einzuladen. Wenn Sie auch Freude am Stricken, H\u00e4keln, Stoffbemalen und anderen Handarbeits- und Bastelarbeiten haben, teilen Sie uns das bitte per E-Mail an <a href=\"mailto:info@fis-stetten.de\">info@fis-stetten.de<\/a> mit. Wir vereinbaren ein Treffen zum Kennenlernen, bei dem besprochen werden soll, wie sich die Frauen solch einen Frauenkreis vorstellen. Wir freuen uns sehr \u00fcber die Initiative der Frauen und hoffen, dass sie erfolgreich ist.<\/p>\n","protected":false},"excerpt":{"rendered":"<p>Die Frauen, die im N\u00f6dinger Hof leben, m\u00f6chten sich gerne sinnvoll bet\u00e4tigen. Da die meisten von ihnen verschiedenste Handarbeiten kennen und auch k\u00f6nnen, haben sie den Plan entwickelt, mit\u00a0 deutschen Frauen gemeinsam zu handarbeiten und zu basteln. Deshalb soll es nun einen neuen Bastelkreis geben.<\/p>\n","protected":false},"author":1,"featured_media":0,"comment_status":"closed","ping_status":"closed","sticky":false,"template":"","format":"standard","meta":[],"categories":[4],"tags":[],"_links":{"self":[{"href":"http:\/\/fis-stetten.de\/wordpress\/wp-json\/wp\/v2\/posts\/357"}],"collection":[{"href":"http:\/\/fis-stetten.de\/wordpress\/wp-json\/wp\/v2\/posts"}],"about":[{"href":"http:\/\/fis-stetten.de\/wordpress\/wp-json\/wp\/v2\/types\/post"}],"author":[{"embeddable":true,"href":"http:\/\/fis-stetten.de\/wordpress\/wp-json\/wp\/v2\/users\/1"}],"replies":[{"embeddable":true,"href":"http:\/\/fis-stetten.de\/wordpress\/wp-json\/wp\/v2\/comments?post=357"}],"version-history":[{"count":1,"href":"http:\/\/fis-stetten.de\/wordpress\/wp-json\/wp\/v2\/posts\/357\/revisions"}],"predecessor-version":[{"id":358,"href":"http:\/\/fis-stetten.de\/wordpress\/wp-json\/wp\/v2\/posts\/357\/revisions\/358"}],"wp:attachment":[{"href":"http:\/\/fis-stetten.de\/wordpress\/wp-json\/wp\/v2\/media?parent=357"}],"wp:term":[{"taxonomy":"category","embeddable":true,"href":"http:\/\/fis-stetten.de\/wordpress\/wp-json\/wp\/v2\/categories?post=357"},{"taxonomy":"post_tag","embeddable":true,"href":"http:\/\/fis-stetten.de\/wordpress\/wp-json\/wp\/v2\/tags?post=357"}],"curies":[{"name":"wp","href":"https:\/\/api.w.org\/{rel}","templated":true}]}}