{"id":354,"date":"2016-07-03T17:32:38","date_gmt":"2016-07-03T15:32:38","guid":{"rendered":"http:\/\/fis-stetten.de\/wordpress\/?p=354"},"modified":"2016-07-03T17:32:38","modified_gmt":"2016-07-03T15:32:38","slug":"gemeinsames-fastenbrechen","status":"publish","type":"post","link":"http:\/\/fis-stetten.de\/wordpress\/gemeinsames-fastenbrechen\/","title":{"rendered":"Gemeinsames Fastenbrechen"},"content":{"rendered":"<p>Der Fastenmonat Ramadan ist vor\u00fcber, die muslimischen und andersgl\u00e4ubigen Bewohner des N\u00f6dinger Hofs haben in dieser Zeit das Miteinander ohne irgendwelche Differenzen gemeistert. Zwei Einladungen zum Fastenbrechen waren f\u00fcr die Fastenden eine willkommene Unterbrechung des normalen Tagesablaufs.<!--more--><\/p>\n<p>20 Frauen nahmen am Fastenbrechen des muslimischen Frauenkreises in Sielmingen teil. Sie lernten auf diese Weise muslimische Frauen kennen und konnten mit ihnen \u00fcber ihr Leben und ihre Erfahrungen in der neuen Umgebung sprechen.<\/p>\n<p>Kurz danach fand in Stetten in der Festhalle ein Fastenbrechen f\u00fcr alle Muslime aus Leinfelden-Echterdingen statt. Mehr als 100 G\u00e4ste waren der Einladung gefolgt.<\/p>\n<p>Nun, am Ende des Ramadan,\u00a0 werden alle , die im N\u00f6dinger Hof gefastet haben, gemeinsam das Zuckerfest feiern, das die Bewohner selbst organisieren werden.<\/p>\n","protected":false},"excerpt":{"rendered":"<p>Der Fastenmonat Ramadan ist vor\u00fcber, die muslimischen und andersgl\u00e4ubigen Bewohner des N\u00f6dinger Hofs haben in dieser Zeit das Miteinander ohne irgendwelche Differenzen gemeistert. Zwei Einladungen zum Fastenbrechen waren f\u00fcr die Fastenden eine willkommene Unterbrechung des normalen Tagesablaufs.<\/p>\n","protected":false},"author":1,"featured_media":0,"comment_status":"closed","ping_status":"closed","sticky":false,"template":"","format":"standard","meta":[],"categories":[4],"tags":[],"_links":{"self":[{"href":"http:\/\/fis-stetten.de\/wordpress\/wp-json\/wp\/v2\/posts\/354"}],"collection":[{"href":"http:\/\/fis-stetten.de\/wordpress\/wp-json\/wp\/v2\/posts"}],"about":[{"href":"http:\/\/fis-stetten.de\/wordpress\/wp-json\/wp\/v2\/types\/post"}],"author":[{"embeddable":true,"href":"http:\/\/fis-stetten.de\/wordpress\/wp-json\/wp\/v2\/users\/1"}],"replies":[{"embeddable":true,"href":"http:\/\/fis-stetten.de\/wordpress\/wp-json\/wp\/v2\/comments?post=354"}],"version-history":[{"count":1,"href":"http:\/\/fis-stetten.de\/wordpress\/wp-json\/wp\/v2\/posts\/354\/revisions"}],"predecessor-version":[{"id":355,"href":"http:\/\/fis-stetten.de\/wordpress\/wp-json\/wp\/v2\/posts\/354\/revisions\/355"}],"wp:attachment":[{"href":"http:\/\/fis-stetten.de\/wordpress\/wp-json\/wp\/v2\/media?parent=354"}],"wp:term":[{"taxonomy":"category","embeddable":true,"href":"http:\/\/fis-stetten.de\/wordpress\/wp-json\/wp\/v2\/categories?post=354"},{"taxonomy":"post_tag","embeddable":true,"href":"http:\/\/fis-stetten.de\/wordpress\/wp-json\/wp\/v2\/tags?post=354"}],"curies":[{"name":"wp","href":"https:\/\/api.w.org\/{rel}","templated":true}]}}