{"id":349,"date":"2016-07-03T12:40:54","date_gmt":"2016-07-03T10:40:54","guid":{"rendered":"http:\/\/fis-stetten.de\/wordpress\/?p=349"},"modified":"2016-07-03T12:42:32","modified_gmt":"2016-07-03T10:42:32","slug":"brillen-guenstig-ueberlassen","status":"publish","type":"post","link":"http:\/\/fis-stetten.de\/wordpress\/brillen-guenstig-ueberlassen\/","title":{"rendered":"Brillen g\u00fcnstig \u00fcberlassen"},"content":{"rendered":"<p>Unser Dank und der von einigen Asylbewerbern gilt der Firma Sassenscheidt und deren Inhaber, Herrn Schr\u00f6der. Er hat mehreren M\u00e4nnern, die trotz schlechten Sehens vom Landratsamt keinen Zuschuss zum Brillenkauf bekommen haben, f\u00fcr einen relativ geringen Betrag, den die Fl\u00fcchtlinge selbst bezahlt haben, eine Brille samt Gestell \u00fcbergeben.\u00a0Ein gro\u00dfes Dankesch\u00f6n an Herrn Schr\u00f6der f\u00fcr dieses soziale Engagement.<\/p>\n<p style=\"padding-left: 30px;\">\n","protected":false},"excerpt":{"rendered":"<p>Unser Dank und der von einigen Asylbewerbern gilt der Firma Sassenscheidt und deren Inhaber, Herrn Schr\u00f6der. Er hat mehreren M\u00e4nnern, die trotz schlechten Sehens vom Landratsamt keinen Zuschuss zum Brillenkauf bekommen haben, f\u00fcr einen relativ geringen Betrag, den die Fl\u00fcchtlinge selbst bezahlt haben, eine Brille samt Gestell \u00fcbergeben.\u00a0Ein gro\u00dfes Dankesch\u00f6n an Herrn Schr\u00f6der f\u00fcr dieses &hellip; <a href=\"http:\/\/fis-stetten.de\/wordpress\/brillen-guenstig-ueberlassen\/\" class=\"more-link\"><span class=\"screen-reader-text\">Brillen g\u00fcnstig \u00fcberlassen<\/span> weiterlesen <span class=\"meta-nav\">&rarr;<\/span><\/a><\/p>\n","protected":false},"author":1,"featured_media":0,"comment_status":"closed","ping_status":"closed","sticky":false,"template":"","format":"standard","meta":[],"categories":[4],"tags":[],"_links":{"self":[{"href":"http:\/\/fis-stetten.de\/wordpress\/wp-json\/wp\/v2\/posts\/349"}],"collection":[{"href":"http:\/\/fis-stetten.de\/wordpress\/wp-json\/wp\/v2\/posts"}],"about":[{"href":"http:\/\/fis-stetten.de\/wordpress\/wp-json\/wp\/v2\/types\/post"}],"author":[{"embeddable":true,"href":"http:\/\/fis-stetten.de\/wordpress\/wp-json\/wp\/v2\/users\/1"}],"replies":[{"embeddable":true,"href":"http:\/\/fis-stetten.de\/wordpress\/wp-json\/wp\/v2\/comments?post=349"}],"version-history":[{"count":4,"href":"http:\/\/fis-stetten.de\/wordpress\/wp-json\/wp\/v2\/posts\/349\/revisions"}],"predecessor-version":[{"id":353,"href":"http:\/\/fis-stetten.de\/wordpress\/wp-json\/wp\/v2\/posts\/349\/revisions\/353"}],"wp:attachment":[{"href":"http:\/\/fis-stetten.de\/wordpress\/wp-json\/wp\/v2\/media?parent=349"}],"wp:term":[{"taxonomy":"category","embeddable":true,"href":"http:\/\/fis-stetten.de\/wordpress\/wp-json\/wp\/v2\/categories?post=349"},{"taxonomy":"post_tag","embeddable":true,"href":"http:\/\/fis-stetten.de\/wordpress\/wp-json\/wp\/v2\/tags?post=349"}],"curies":[{"name":"wp","href":"https:\/\/api.w.org\/{rel}","templated":true}]}}