{"id":332,"date":"2016-05-02T12:55:44","date_gmt":"2016-05-02T10:55:44","guid":{"rendered":"http:\/\/fis-stetten.de\/wordpress\/?p=332"},"modified":"2016-05-02T12:55:44","modified_gmt":"2016-05-02T10:55:44","slug":"neue-fahrrad-sammelaktion","status":"publish","type":"post","link":"http:\/\/fis-stetten.de\/wordpress\/neue-fahrrad-sammelaktion\/","title":{"rendered":"Neue Fahrrad-Sammelaktion"},"content":{"rendered":"<p>Am 14.05., dem Samstag vor Pfingsten, wollen wir wieder eine Fahrrad-Sammelaktion machen. Fahrr\u00e4der (m\u00f6glichst f\u00fcr Erwachsene oder Jugendliche \u2013 keine Kinderfahrr\u00e4der) k\u00f6nnen von 14.30 bis 17.30 Uhr direkt zur Tiefgarage des N\u00f6dinger Hofs gebracht werden. Die Fahrr\u00e4der werden anschlie\u00dfend aufbereitet und nach entsprechenden Einweisungen in die Verkehrsregeln zu einem sp\u00e4teren Zeitpunkt an Bewohner des N\u00f6dinger Hofs ausgegeben.<\/p>\n","protected":false},"excerpt":{"rendered":"<p>Am 14.05., dem Samstag vor Pfingsten, wollen wir wieder eine Fahrrad-Sammelaktion machen. Fahrr\u00e4der (m\u00f6glichst f\u00fcr Erwachsene oder Jugendliche \u2013 keine Kinderfahrr\u00e4der) k\u00f6nnen von 14.30 bis 17.30 Uhr direkt zur Tiefgarage des N\u00f6dinger Hofs gebracht werden. Die Fahrr\u00e4der werden anschlie\u00dfend aufbereitet und nach entsprechenden Einweisungen in die Verkehrsregeln zu einem sp\u00e4teren Zeitpunkt an Bewohner des N\u00f6dinger &hellip; <a href=\"http:\/\/fis-stetten.de\/wordpress\/neue-fahrrad-sammelaktion\/\" class=\"more-link\"><span class=\"screen-reader-text\">Neue Fahrrad-Sammelaktion<\/span> weiterlesen <span class=\"meta-nav\">&rarr;<\/span><\/a><\/p>\n","protected":false},"author":1,"featured_media":0,"comment_status":"closed","ping_status":"closed","sticky":false,"template":"","format":"standard","meta":[],"categories":[4],"tags":[],"_links":{"self":[{"href":"http:\/\/fis-stetten.de\/wordpress\/wp-json\/wp\/v2\/posts\/332"}],"collection":[{"href":"http:\/\/fis-stetten.de\/wordpress\/wp-json\/wp\/v2\/posts"}],"about":[{"href":"http:\/\/fis-stetten.de\/wordpress\/wp-json\/wp\/v2\/types\/post"}],"author":[{"embeddable":true,"href":"http:\/\/fis-stetten.de\/wordpress\/wp-json\/wp\/v2\/users\/1"}],"replies":[{"embeddable":true,"href":"http:\/\/fis-stetten.de\/wordpress\/wp-json\/wp\/v2\/comments?post=332"}],"version-history":[{"count":1,"href":"http:\/\/fis-stetten.de\/wordpress\/wp-json\/wp\/v2\/posts\/332\/revisions"}],"predecessor-version":[{"id":333,"href":"http:\/\/fis-stetten.de\/wordpress\/wp-json\/wp\/v2\/posts\/332\/revisions\/333"}],"wp:attachment":[{"href":"http:\/\/fis-stetten.de\/wordpress\/wp-json\/wp\/v2\/media?parent=332"}],"wp:term":[{"taxonomy":"category","embeddable":true,"href":"http:\/\/fis-stetten.de\/wordpress\/wp-json\/wp\/v2\/categories?post=332"},{"taxonomy":"post_tag","embeddable":true,"href":"http:\/\/fis-stetten.de\/wordpress\/wp-json\/wp\/v2\/tags?post=332"}],"curies":[{"name":"wp","href":"https:\/\/api.w.org\/{rel}","templated":true}]}}