{"id":322,"date":"2016-04-26T22:19:15","date_gmt":"2016-04-26T20:19:15","guid":{"rendered":"http:\/\/fis-stetten.de\/wordpress\/?p=322"},"modified":"2016-04-29T08:37:41","modified_gmt":"2016-04-29T06:37:41","slug":"bilderspende-beschert-malsachen","status":"publish","type":"post","link":"http:\/\/fis-stetten.de\/wordpress\/bilderspende-beschert-malsachen\/","title":{"rendered":"Bilderspende beschert Malsachen"},"content":{"rendered":"<p><img src=\"http:\/\/fis-stetten.de\/wordpress\/img\/malsachen.jpg\" alt=\"Spenden\u00fcbergabe Malsachen\" \/><\/p>\n<p>Zwei Stettener Kinder, Pauline und ihr Vetter Juri, haben vor einiger Zeit selbstgemalte Bilder an ihre Verwandten verkauft und den Erl\u00f6s den Fl\u00fcchtlingskindern im N\u00f6dinger Hof gespendet. Jetzt sind von diesem Geld gekaufte Malsachen \u00fcbergeben worden.<!--more--><\/p>\n<p>Am Sonntag konnte Pauline die Farbk\u00e4sten, Wachsmalkreiden und Zeichenbl\u00f6cke verteilen. Bei den Kindern im N\u00f6dinger Hof war die Freude \u00fcber diese Gabe riesengro\u00df.<\/p>\n<p><strong>Nochmals ein gro\u00dfes Dankesch\u00f6n f\u00fcr Pauline und Juri f\u00fcr diese Spende!<\/strong> Wir w\u00fcnschen beiden alles Gute und dass sie weiterhin ein offenes Herz f\u00fcr die Kinder haben, die Schweres erlebt haben.<\/p>\n","protected":false},"excerpt":{"rendered":"<p>Zwei Stettener Kinder, Pauline und ihr Vetter Juri, haben vor einiger Zeit selbstgemalte Bilder an ihre Verwandten verkauft und den Erl\u00f6s den Fl\u00fcchtlingskindern im N\u00f6dinger Hof gespendet. Jetzt sind von diesem Geld gekaufte Malsachen \u00fcbergeben worden.<\/p>\n","protected":false},"author":1,"featured_media":0,"comment_status":"closed","ping_status":"closed","sticky":false,"template":"","format":"standard","meta":[],"categories":[4],"tags":[],"_links":{"self":[{"href":"http:\/\/fis-stetten.de\/wordpress\/wp-json\/wp\/v2\/posts\/322"}],"collection":[{"href":"http:\/\/fis-stetten.de\/wordpress\/wp-json\/wp\/v2\/posts"}],"about":[{"href":"http:\/\/fis-stetten.de\/wordpress\/wp-json\/wp\/v2\/types\/post"}],"author":[{"embeddable":true,"href":"http:\/\/fis-stetten.de\/wordpress\/wp-json\/wp\/v2\/users\/1"}],"replies":[{"embeddable":true,"href":"http:\/\/fis-stetten.de\/wordpress\/wp-json\/wp\/v2\/comments?post=322"}],"version-history":[{"count":2,"href":"http:\/\/fis-stetten.de\/wordpress\/wp-json\/wp\/v2\/posts\/322\/revisions"}],"predecessor-version":[{"id":327,"href":"http:\/\/fis-stetten.de\/wordpress\/wp-json\/wp\/v2\/posts\/322\/revisions\/327"}],"wp:attachment":[{"href":"http:\/\/fis-stetten.de\/wordpress\/wp-json\/wp\/v2\/media?parent=322"}],"wp:term":[{"taxonomy":"category","embeddable":true,"href":"http:\/\/fis-stetten.de\/wordpress\/wp-json\/wp\/v2\/categories?post=322"},{"taxonomy":"post_tag","embeddable":true,"href":"http:\/\/fis-stetten.de\/wordpress\/wp-json\/wp\/v2\/tags?post=322"}],"curies":[{"name":"wp","href":"https:\/\/api.w.org\/{rel}","templated":true}]}}