{"id":320,"date":"2016-04-26T22:11:51","date_gmt":"2016-04-26T20:11:51","guid":{"rendered":"http:\/\/fis-stetten.de\/wordpress\/?p=320"},"modified":"2016-04-26T22:11:51","modified_gmt":"2016-04-26T20:11:51","slug":"die-nachbarn-zu-gast","status":"publish","type":"post","link":"http:\/\/fis-stetten.de\/wordpress\/die-nachbarn-zu-gast\/","title":{"rendered":"Die Nachbarn zu Gast"},"content":{"rendered":"<p>Zu einem ersten Begegnungsnachmittag als Gastgeber haben die Asylsuchenden am vergangenen Sonntag ihre Nachbarn eingeladen. Das Ziel der Einladung war, mit\u00a0 den Nachbarn und anderen G\u00e4sten zu sprechen, sich gegenseitig kennenzulernen und, falls noch Vorurteile vorhanden waren, diese abzubauen.\u00a0<!--more--><\/p>\n<p>Dank des Engagements von Ortwin Schweizer, der mit zwei Hausbewohnern die Nachbarn pers\u00f6nlich eingeladen hatte, kamen viele G\u00e4ste zum gegenseitigen Kennenlernen. Auf dem Buffet waren Kuchen, Kekse und Torte in reicher Auswahl vorhanden. Nachdem die G\u00e4ste sich gest\u00e4rkt hatten, durften auch die Kinder probieren, was ihre M\u00fctter gebacken hatten \u2013 alle wurden satt!<\/p>\n<p>Eine F\u00fchrung durch das Haus war f\u00fcr viele G\u00e4ste h\u00f6chst informativ. Viele kannten verschiedene R\u00e4ume des ehemaligen Hotels\u00a0\u2013 sie erkannten\u00a0 diese, wie etwa die Kegelbahn, die nun zur Kleiderkammer umfunktioniert wurde, in ihrer neuen Nutzung kaum wieder. Voller Stolz zeigten die Bewohner die blitzblanken K\u00fcchen.<\/p>\n<p>Diese Einladung hat bestimmt viel zur Integration beigetragen, wir hoffen, dass sich das Zusammenleben weiter so gut gestaltet.<\/p>\n","protected":false},"excerpt":{"rendered":"<p>Zu einem ersten Begegnungsnachmittag als Gastgeber haben die Asylsuchenden am vergangenen Sonntag ihre Nachbarn eingeladen. Das Ziel der Einladung war, mit\u00a0 den Nachbarn und anderen G\u00e4sten zu sprechen, sich gegenseitig kennenzulernen und, falls noch Vorurteile vorhanden waren, diese abzubauen.\u00a0<\/p>\n","protected":false},"author":1,"featured_media":0,"comment_status":"closed","ping_status":"closed","sticky":false,"template":"","format":"standard","meta":[],"categories":[4],"tags":[],"_links":{"self":[{"href":"http:\/\/fis-stetten.de\/wordpress\/wp-json\/wp\/v2\/posts\/320"}],"collection":[{"href":"http:\/\/fis-stetten.de\/wordpress\/wp-json\/wp\/v2\/posts"}],"about":[{"href":"http:\/\/fis-stetten.de\/wordpress\/wp-json\/wp\/v2\/types\/post"}],"author":[{"embeddable":true,"href":"http:\/\/fis-stetten.de\/wordpress\/wp-json\/wp\/v2\/users\/1"}],"replies":[{"embeddable":true,"href":"http:\/\/fis-stetten.de\/wordpress\/wp-json\/wp\/v2\/comments?post=320"}],"version-history":[{"count":1,"href":"http:\/\/fis-stetten.de\/wordpress\/wp-json\/wp\/v2\/posts\/320\/revisions"}],"predecessor-version":[{"id":321,"href":"http:\/\/fis-stetten.de\/wordpress\/wp-json\/wp\/v2\/posts\/320\/revisions\/321"}],"wp:attachment":[{"href":"http:\/\/fis-stetten.de\/wordpress\/wp-json\/wp\/v2\/media?parent=320"}],"wp:term":[{"taxonomy":"category","embeddable":true,"href":"http:\/\/fis-stetten.de\/wordpress\/wp-json\/wp\/v2\/categories?post=320"},{"taxonomy":"post_tag","embeddable":true,"href":"http:\/\/fis-stetten.de\/wordpress\/wp-json\/wp\/v2\/tags?post=320"}],"curies":[{"name":"wp","href":"https:\/\/api.w.org\/{rel}","templated":true}]}}