{"id":303,"date":"2016-04-09T12:55:39","date_gmt":"2016-04-09T10:55:39","guid":{"rendered":"http:\/\/fis-stetten.de\/wordpress\/?p=303"},"modified":"2016-04-09T13:04:02","modified_gmt":"2016-04-09T11:04:02","slug":"grossartiges-dankeschoen-fest","status":"publish","type":"post","link":"http:\/\/fis-stetten.de\/wordpress\/grossartiges-dankeschoen-fest\/","title":{"rendered":"Gro\u00dfartiges Dankesch\u00f6n-Fest"},"content":{"rendered":"<p><img src=\"http:\/\/fis-stetten.de\/wordpress\/img\/fest_05.jpg\" alt=\"Dankesch\u00f6n-Fest\" \/><\/p>\n<p>Zu einem &#8222;Dankesch\u00f6n-Fest&#8220; haben die Bewohner des N\u00f6dinger Hofs Helferinnen und Helfer sowie Stettener B\u00fcrgerinnen und B\u00fcrger eingeladen. Neben k\u00f6stlichen Speisen aus den verschiedenen Herkunftsl\u00e4ndern gab es viele musikalische Darbietungen, gemeinsames Tanzen und sehr viele fr\u00f6hliche Gesichter. Allen Gastgeberinnen und Gastgebern ein herzliches Dankesch\u00f6n! <strong>Mehr Bilder<\/strong> von Peter Franck gibt es hier:<!--more--><\/p>\n<h3>\u00a0Impressionen vom Dankesch\u00f6n-Fest<\/h3>\n<h3><img src=\"http:\/\/fis-stetten.de\/wordpress\/img\/fest_01.jpg\" alt=\"Dankesch\u00f6n-Fest\" \/><\/h3>\n<p><img src=\"http:\/\/fis-stetten.de\/wordpress\/img\/fest_02.jpg\" alt=\"Dankesch\u00f6n-Fest\" \/><\/p>\n<p><img src=\"http:\/\/fis-stetten.de\/wordpress\/img\/fest_03.jpg\" alt=\"Dankesch\u00f6n-Fest\" \/><\/p>\n<p><img src=\"http:\/\/fis-stetten.de\/wordpress\/img\/fest_04.jpg\" alt=\"Dankesch\u00f6n-Fest\" \/><\/p>\n<p><img src=\"http:\/\/fis-stetten.de\/wordpress\/img\/fest_06.jpg\" alt=\"Dankesch\u00f6n-Fest\" \/><\/p>\n<p><img src=\"http:\/\/fis-stetten.de\/wordpress\/img\/fest_07.jpg\" alt=\"Dankesch\u00f6n-Fest\" \/><\/p>\n<p><img src=\"http:\/\/fis-stetten.de\/wordpress\/img\/fest_08.jpg\" alt=\"Dankesch\u00f6n-Fest\" \/><\/p>\n<p><img src=\"http:\/\/fis-stetten.de\/wordpress\/img\/fest_09.jpg\" alt=\"Dankesch\u00f6n-Fest\" \/><\/p>\n<p style=\"text-align: right;\">Bilder: <a href=\"http:\/\/peterfranck.de\" target=\"_blank\">Peter Franck<\/a><\/p>\n","protected":false},"excerpt":{"rendered":"<p>Zu einem &#8222;Dankesch\u00f6n-Fest&#8220; haben die Bewohner des N\u00f6dinger Hofs Helferinnen und Helfer sowie Stettener B\u00fcrgerinnen und B\u00fcrger eingeladen. Neben k\u00f6stlichen Speisen aus den verschiedenen Herkunftsl\u00e4ndern gab es viele musikalische Darbietungen, gemeinsames Tanzen und sehr viele fr\u00f6hliche Gesichter. Allen Gastgeberinnen und Gastgebern ein herzliches Dankesch\u00f6n! Mehr Bilder von Peter Franck gibt es hier:<\/p>\n","protected":false},"author":1,"featured_media":0,"comment_status":"closed","ping_status":"closed","sticky":false,"template":"","format":"standard","meta":[],"categories":[4],"tags":[],"_links":{"self":[{"href":"http:\/\/fis-stetten.de\/wordpress\/wp-json\/wp\/v2\/posts\/303"}],"collection":[{"href":"http:\/\/fis-stetten.de\/wordpress\/wp-json\/wp\/v2\/posts"}],"about":[{"href":"http:\/\/fis-stetten.de\/wordpress\/wp-json\/wp\/v2\/types\/post"}],"author":[{"embeddable":true,"href":"http:\/\/fis-stetten.de\/wordpress\/wp-json\/wp\/v2\/users\/1"}],"replies":[{"embeddable":true,"href":"http:\/\/fis-stetten.de\/wordpress\/wp-json\/wp\/v2\/comments?post=303"}],"version-history":[{"count":9,"href":"http:\/\/fis-stetten.de\/wordpress\/wp-json\/wp\/v2\/posts\/303\/revisions"}],"predecessor-version":[{"id":312,"href":"http:\/\/fis-stetten.de\/wordpress\/wp-json\/wp\/v2\/posts\/303\/revisions\/312"}],"wp:attachment":[{"href":"http:\/\/fis-stetten.de\/wordpress\/wp-json\/wp\/v2\/media?parent=303"}],"wp:term":[{"taxonomy":"category","embeddable":true,"href":"http:\/\/fis-stetten.de\/wordpress\/wp-json\/wp\/v2\/categories?post=303"},{"taxonomy":"post_tag","embeddable":true,"href":"http:\/\/fis-stetten.de\/wordpress\/wp-json\/wp\/v2\/tags?post=303"}],"curies":[{"name":"wp","href":"https:\/\/api.w.org\/{rel}","templated":true}]}}