{"id":298,"date":"2016-04-01T19:47:47","date_gmt":"2016-04-01T17:47:47","guid":{"rendered":"http:\/\/fis-stetten.de\/wordpress\/?p=298"},"modified":"2016-04-01T19:48:48","modified_gmt":"2016-04-01T17:48:48","slug":"filmabende-im-gemeindehaus","status":"publish","type":"post","link":"http:\/\/fis-stetten.de\/wordpress\/filmabende-im-gemeindehaus\/","title":{"rendered":"Filmabende im Gemeindehaus"},"content":{"rendered":"<p>In der Woche vor Ostern hat die Evangelische Kirchengemeinde zu zwei Filmabenden eingeladen. Es wurden Filme in arabischer Sprache oder Farsi gezeigt. Die Filme wollten den Fl\u00fcchtlingen das christliche Osterfest nahebringen, ihnen Jesus und das \u00f6sterliche Geschehen verst\u00e4ndlich machen.<\/p>\n<p>An beiden Abenden war das Interesse beider Gruppen\u00a0\u2013 der Araber und der Farsi-Sprechenden \u2013 erfreulich gro\u00df und es ergaben sich nach den Filmvorf\u00fchrungen rege Diskussionen. Bei Tee, Geb\u00e4ck und Saft konnten viele Fragen beantwortet werden. \u00dcbereinstimmendes Fazit aller Teilnehmer war, dass solche Informationsveranstaltungen die Integration und das gegenseitige Verst\u00e4ndis auf beiden Seiten f\u00f6rdern.<\/p>\n","protected":false},"excerpt":{"rendered":"<p>In der Woche vor Ostern hat die Evangelische Kirchengemeinde zu zwei Filmabenden eingeladen. Es wurden Filme in arabischer Sprache oder Farsi gezeigt. Die Filme wollten den Fl\u00fcchtlingen das christliche Osterfest nahebringen, ihnen Jesus und das \u00f6sterliche Geschehen verst\u00e4ndlich machen. An beiden Abenden war das Interesse beider Gruppen\u00a0\u2013 der Araber und der Farsi-Sprechenden \u2013 erfreulich gro\u00df &hellip; <a href=\"http:\/\/fis-stetten.de\/wordpress\/filmabende-im-gemeindehaus\/\" class=\"more-link\"><span class=\"screen-reader-text\">Filmabende im Gemeindehaus<\/span> weiterlesen <span class=\"meta-nav\">&rarr;<\/span><\/a><\/p>\n","protected":false},"author":1,"featured_media":0,"comment_status":"closed","ping_status":"closed","sticky":false,"template":"","format":"standard","meta":[],"categories":[4],"tags":[],"_links":{"self":[{"href":"http:\/\/fis-stetten.de\/wordpress\/wp-json\/wp\/v2\/posts\/298"}],"collection":[{"href":"http:\/\/fis-stetten.de\/wordpress\/wp-json\/wp\/v2\/posts"}],"about":[{"href":"http:\/\/fis-stetten.de\/wordpress\/wp-json\/wp\/v2\/types\/post"}],"author":[{"embeddable":true,"href":"http:\/\/fis-stetten.de\/wordpress\/wp-json\/wp\/v2\/users\/1"}],"replies":[{"embeddable":true,"href":"http:\/\/fis-stetten.de\/wordpress\/wp-json\/wp\/v2\/comments?post=298"}],"version-history":[{"count":3,"href":"http:\/\/fis-stetten.de\/wordpress\/wp-json\/wp\/v2\/posts\/298\/revisions"}],"predecessor-version":[{"id":301,"href":"http:\/\/fis-stetten.de\/wordpress\/wp-json\/wp\/v2\/posts\/298\/revisions\/301"}],"wp:attachment":[{"href":"http:\/\/fis-stetten.de\/wordpress\/wp-json\/wp\/v2\/media?parent=298"}],"wp:term":[{"taxonomy":"category","embeddable":true,"href":"http:\/\/fis-stetten.de\/wordpress\/wp-json\/wp\/v2\/categories?post=298"},{"taxonomy":"post_tag","embeddable":true,"href":"http:\/\/fis-stetten.de\/wordpress\/wp-json\/wp\/v2\/tags?post=298"}],"curies":[{"name":"wp","href":"https:\/\/api.w.org\/{rel}","templated":true}]}}