{"id":287,"date":"2016-03-17T21:45:13","date_gmt":"2016-03-17T20:45:13","guid":{"rendered":"http:\/\/fis-stetten.de\/wordpress\/?p=287"},"modified":"2016-03-17T21:45:13","modified_gmt":"2016-03-17T20:45:13","slug":"ballett-schnuppertag","status":"publish","type":"post","link":"http:\/\/fis-stetten.de\/wordpress\/ballett-schnuppertag\/","title":{"rendered":"Ballett-Schnuppertag"},"content":{"rendered":"<p>Die Ballettschule Plewa hat im N\u00f6dinger Hof einen Schnupperkurs f\u00fcr 5- bis 7-j\u00e4hrige Kinder und einen Breakdance-Kennenlernnachmittag f\u00fcr etwas \u00c4ltere angeboten. Wir hoffen, dass die Nachfrage nach diesem tollen Angebot gro\u00df war und einige Kinder an einem der Tanzkurse teilnehmen werden.<\/p>\n","protected":false},"excerpt":{"rendered":"<p>Die Ballettschule Plewa hat im N\u00f6dinger Hof einen Schnupperkurs f\u00fcr 5- bis 7-j\u00e4hrige Kinder und einen Breakdance-Kennenlernnachmittag f\u00fcr etwas \u00c4ltere angeboten. Wir hoffen, dass die Nachfrage nach diesem tollen Angebot gro\u00df war und einige Kinder an einem der Tanzkurse teilnehmen werden.<\/p>\n","protected":false},"author":1,"featured_media":0,"comment_status":"closed","ping_status":"closed","sticky":false,"template":"","format":"standard","meta":[],"categories":[4],"tags":[],"_links":{"self":[{"href":"http:\/\/fis-stetten.de\/wordpress\/wp-json\/wp\/v2\/posts\/287"}],"collection":[{"href":"http:\/\/fis-stetten.de\/wordpress\/wp-json\/wp\/v2\/posts"}],"about":[{"href":"http:\/\/fis-stetten.de\/wordpress\/wp-json\/wp\/v2\/types\/post"}],"author":[{"embeddable":true,"href":"http:\/\/fis-stetten.de\/wordpress\/wp-json\/wp\/v2\/users\/1"}],"replies":[{"embeddable":true,"href":"http:\/\/fis-stetten.de\/wordpress\/wp-json\/wp\/v2\/comments?post=287"}],"version-history":[{"count":1,"href":"http:\/\/fis-stetten.de\/wordpress\/wp-json\/wp\/v2\/posts\/287\/revisions"}],"predecessor-version":[{"id":288,"href":"http:\/\/fis-stetten.de\/wordpress\/wp-json\/wp\/v2\/posts\/287\/revisions\/288"}],"wp:attachment":[{"href":"http:\/\/fis-stetten.de\/wordpress\/wp-json\/wp\/v2\/media?parent=287"}],"wp:term":[{"taxonomy":"category","embeddable":true,"href":"http:\/\/fis-stetten.de\/wordpress\/wp-json\/wp\/v2\/categories?post=287"},{"taxonomy":"post_tag","embeddable":true,"href":"http:\/\/fis-stetten.de\/wordpress\/wp-json\/wp\/v2\/tags?post=287"}],"curies":[{"name":"wp","href":"https:\/\/api.w.org\/{rel}","templated":true}]}}