{"id":282,"date":"2016-03-11T09:18:18","date_gmt":"2016-03-11T08:18:18","guid":{"rendered":"http:\/\/fis-stetten.de\/wordpress\/?p=282"},"modified":"2016-03-11T09:19:25","modified_gmt":"2016-03-11T08:19:25","slug":"wohnraum-fuer-anerkannte-fluechtlinge","status":"publish","type":"post","link":"http:\/\/fis-stetten.de\/wordpress\/wohnraum-fuer-anerkannte-fluechtlinge\/","title":{"rendered":"Wohnraum f\u00fcr anerkannte Fl\u00fcchtlinge"},"content":{"rendered":"<p>Alle Bewohner des N\u00f6dinger Hofs, die eine Anerkennung als Fl\u00fcchtende bzw. Asylbewerber erhalten, k\u00f6nnen aus der Gemeinschaftsunterkunft ausziehen, sobald sie eine Wohnung gefunden haben. In\u00a0 Stetten ist die Zahl der Anerkannten zur Zeit noch sehr klein, aber es deutet sich an, dass einige der Bewohner des N\u00f6dinger Hofes in absehbarer Zeit ausziehen k\u00f6nnen. Wir suchen deshalb Menschen, die Wohnraum f\u00fcr die gefl\u00fcchteten Familien oder Einzelpersonen in Stetten oder Umgebung zur Verf\u00fcgung stellen m\u00f6chten. Informationen erhalten Sie jederzeit unter der Adresse: <a href=\"mailto:info@fis-stetten.de\">info@fis-stetten.de<\/a>.<\/p>\n","protected":false},"excerpt":{"rendered":"<p>Alle Bewohner des N\u00f6dinger Hofs, die eine Anerkennung als Fl\u00fcchtende bzw. Asylbewerber erhalten, k\u00f6nnen aus der Gemeinschaftsunterkunft ausziehen, sobald sie eine Wohnung gefunden haben. In\u00a0 Stetten ist die Zahl der Anerkannten zur Zeit noch sehr klein, aber es deutet sich an, dass einige der Bewohner des N\u00f6dinger Hofes in absehbarer Zeit ausziehen k\u00f6nnen. Wir suchen &hellip; <a href=\"http:\/\/fis-stetten.de\/wordpress\/wohnraum-fuer-anerkannte-fluechtlinge\/\" class=\"more-link\"><span class=\"screen-reader-text\">Wohnraum f\u00fcr anerkannte Fl\u00fcchtlinge<\/span> weiterlesen <span class=\"meta-nav\">&rarr;<\/span><\/a><\/p>\n","protected":false},"author":1,"featured_media":0,"comment_status":"closed","ping_status":"closed","sticky":false,"template":"","format":"standard","meta":[],"categories":[4],"tags":[],"_links":{"self":[{"href":"http:\/\/fis-stetten.de\/wordpress\/wp-json\/wp\/v2\/posts\/282"}],"collection":[{"href":"http:\/\/fis-stetten.de\/wordpress\/wp-json\/wp\/v2\/posts"}],"about":[{"href":"http:\/\/fis-stetten.de\/wordpress\/wp-json\/wp\/v2\/types\/post"}],"author":[{"embeddable":true,"href":"http:\/\/fis-stetten.de\/wordpress\/wp-json\/wp\/v2\/users\/1"}],"replies":[{"embeddable":true,"href":"http:\/\/fis-stetten.de\/wordpress\/wp-json\/wp\/v2\/comments?post=282"}],"version-history":[{"count":3,"href":"http:\/\/fis-stetten.de\/wordpress\/wp-json\/wp\/v2\/posts\/282\/revisions"}],"predecessor-version":[{"id":285,"href":"http:\/\/fis-stetten.de\/wordpress\/wp-json\/wp\/v2\/posts\/282\/revisions\/285"}],"wp:attachment":[{"href":"http:\/\/fis-stetten.de\/wordpress\/wp-json\/wp\/v2\/media?parent=282"}],"wp:term":[{"taxonomy":"category","embeddable":true,"href":"http:\/\/fis-stetten.de\/wordpress\/wp-json\/wp\/v2\/categories?post=282"},{"taxonomy":"post_tag","embeddable":true,"href":"http:\/\/fis-stetten.de\/wordpress\/wp-json\/wp\/v2\/tags?post=282"}],"curies":[{"name":"wp","href":"https:\/\/api.w.org\/{rel}","templated":true}]}}