{"id":280,"date":"2016-03-11T09:09:51","date_gmt":"2016-03-11T08:09:51","guid":{"rendered":"http:\/\/fis-stetten.de\/wordpress\/?p=280"},"modified":"2016-03-11T09:09:51","modified_gmt":"2016-03-11T08:09:51","slug":"gespendete-fahrraeder-versteigert","status":"publish","type":"post","link":"http:\/\/fis-stetten.de\/wordpress\/gespendete-fahrraeder-versteigert\/","title":{"rendered":"Gespendete Fahrr\u00e4der versteigert"},"content":{"rendered":"<p>Zahlreiche Fahrr\u00e4der sind von B\u00fcrgern aus der Region f\u00fcr die Bewohnerinnen und Bewohner des N\u00f6dinger Hofs gespendet worden. Nachdem die R\u00e4der von ehrenamtlichen FiS-Helfern und Bewohnern auf ihre Verkehrstauglichkeit \u00fcberpr\u00fcft und instandgesetzt worden sind, wurden mehr als 50 R\u00e4der nun per Versteigerung an die Bewohner ausgegeben.<!--more--><\/p>\n<p>S\u00e4mtliche R\u00e4der haben nun eine funktionierende Beleuchtung, Speichenreflektoren und Schl\u00f6sser. Mitarbeiter des ADFC hatten eine Woche zuvor Schulungen zu verkehrsgerechtem Radfahren und zu den Verkehrsregeln im N\u00f6dinger Hof durchgef\u00fchrt.<\/p>\n<p>Um Streit um die besten Fahrr\u00e4der zu vermeiden, wurde der Weg einer Versteigerung der Fahrr\u00e4der gew\u00e4hlt. Mit den erl\u00f6sten Betr\u00e4gen &#8211; in der Regel 15 bis 20 Euro &#8211; k\u00f6nnen zudem die Kosten f\u00fcr die Instandtsetzung gedeckt werden. In der lebhaften Aktion, die unter den Bewohnern sehr gut angenommen wurde, konnten so alle zur Verf\u00fcgung stehenden R\u00e4der an ihre neuen Besitzer \u00fcbergeben werden. Ein kleiner \u00dcberschuss kann in die Reparatur der restlichen R\u00e4der investiert werden.<\/p>\n","protected":false},"excerpt":{"rendered":"<p>Zahlreiche Fahrr\u00e4der sind von B\u00fcrgern aus der Region f\u00fcr die Bewohnerinnen und Bewohner des N\u00f6dinger Hofs gespendet worden. Nachdem die R\u00e4der von ehrenamtlichen FiS-Helfern und Bewohnern auf ihre Verkehrstauglichkeit \u00fcberpr\u00fcft und instandgesetzt worden sind, wurden mehr als 50 R\u00e4der nun per Versteigerung an die Bewohner ausgegeben.<\/p>\n","protected":false},"author":1,"featured_media":0,"comment_status":"closed","ping_status":"closed","sticky":false,"template":"","format":"standard","meta":[],"categories":[4],"tags":[],"_links":{"self":[{"href":"http:\/\/fis-stetten.de\/wordpress\/wp-json\/wp\/v2\/posts\/280"}],"collection":[{"href":"http:\/\/fis-stetten.de\/wordpress\/wp-json\/wp\/v2\/posts"}],"about":[{"href":"http:\/\/fis-stetten.de\/wordpress\/wp-json\/wp\/v2\/types\/post"}],"author":[{"embeddable":true,"href":"http:\/\/fis-stetten.de\/wordpress\/wp-json\/wp\/v2\/users\/1"}],"replies":[{"embeddable":true,"href":"http:\/\/fis-stetten.de\/wordpress\/wp-json\/wp\/v2\/comments?post=280"}],"version-history":[{"count":1,"href":"http:\/\/fis-stetten.de\/wordpress\/wp-json\/wp\/v2\/posts\/280\/revisions"}],"predecessor-version":[{"id":281,"href":"http:\/\/fis-stetten.de\/wordpress\/wp-json\/wp\/v2\/posts\/280\/revisions\/281"}],"wp:attachment":[{"href":"http:\/\/fis-stetten.de\/wordpress\/wp-json\/wp\/v2\/media?parent=280"}],"wp:term":[{"taxonomy":"category","embeddable":true,"href":"http:\/\/fis-stetten.de\/wordpress\/wp-json\/wp\/v2\/categories?post=280"},{"taxonomy":"post_tag","embeddable":true,"href":"http:\/\/fis-stetten.de\/wordpress\/wp-json\/wp\/v2\/tags?post=280"}],"curies":[{"name":"wp","href":"https:\/\/api.w.org\/{rel}","templated":true}]}}