{"id":259,"date":"2016-02-17T19:26:52","date_gmt":"2016-02-17T18:26:52","guid":{"rendered":"http:\/\/fis-stetten.de\/wordpress\/?p=259"},"modified":"2016-02-17T19:27:15","modified_gmt":"2016-02-17T18:27:15","slug":"kopierer-und-weitere-helfer-gesucht","status":"publish","type":"post","link":"http:\/\/fis-stetten.de\/wordpress\/kopierer-und-weitere-helfer-gesucht\/","title":{"rendered":"Kopierer und weitere Helfer gesucht"},"content":{"rendered":"<div>Neben Helfern in der <strong>Alltagsbegleitung<\/strong> suchen wir einen <strong>Kopierer<\/strong> f\u00fcr die FiS-Arbeit, besonders in den Sprachgruppen besteht immer wieder Bedarf f\u00fcr Arbeitsbl\u00e4tter. Wer hat ein funktionsf\u00e4higes Ger\u00e4t, das er\/sie f\u00fcr die FiS-Arbeit zur Verf\u00fcgung stellen kann?<\/div>\n<div><\/div>\n<p><!--more--><\/p>\n<div>Es kann gerne auch ein Multifunktionsger\u00e4t sein, die Kopierfunktion sollte halt in Ordnung sein. Das Ger\u00e4t soll im N\u00f6dinger Hof im FiS-Raum aufgestellt werden.<\/div>\n<div><\/div>\n<div><b>Die Gruppe der Alltagsbegleiter sucht noch 2-3 neue MitarbeiterInnen<\/b>. F\u00fcr offizielle Termine wie Arztbesuche, Begleitung zu einem Amt etc. wird noch Verst\u00e4rkung gebraucht. Es gen\u00fcgt schon, wenn an einem oder zwei Tagen in der Woche ein kleines Zeitfenster m\u00f6glich ist. Auch eine sporadische Mitwirkung ist hier m\u00f6glich, die Termine werden ja dann individuell vereinbart.<\/div>\n<div><\/div>\n<div>In beiden F\u00e4llen bitten wir um baldige R\u00fcckmeldung an <a href=\"mailto:service@fis-stetten.de\">service@fis-stetten.de<\/a><\/div>\n","protected":false},"excerpt":{"rendered":"<p>Neben Helfern in der Alltagsbegleitung suchen wir einen Kopierer f\u00fcr die FiS-Arbeit, besonders in den Sprachgruppen besteht immer wieder Bedarf f\u00fcr Arbeitsbl\u00e4tter. Wer hat ein funktionsf\u00e4higes Ger\u00e4t, das er\/sie f\u00fcr die FiS-Arbeit zur Verf\u00fcgung stellen kann?<\/p>\n","protected":false},"author":1,"featured_media":0,"comment_status":"closed","ping_status":"closed","sticky":false,"template":"","format":"standard","meta":[],"categories":[4],"tags":[],"_links":{"self":[{"href":"http:\/\/fis-stetten.de\/wordpress\/wp-json\/wp\/v2\/posts\/259"}],"collection":[{"href":"http:\/\/fis-stetten.de\/wordpress\/wp-json\/wp\/v2\/posts"}],"about":[{"href":"http:\/\/fis-stetten.de\/wordpress\/wp-json\/wp\/v2\/types\/post"}],"author":[{"embeddable":true,"href":"http:\/\/fis-stetten.de\/wordpress\/wp-json\/wp\/v2\/users\/1"}],"replies":[{"embeddable":true,"href":"http:\/\/fis-stetten.de\/wordpress\/wp-json\/wp\/v2\/comments?post=259"}],"version-history":[{"count":2,"href":"http:\/\/fis-stetten.de\/wordpress\/wp-json\/wp\/v2\/posts\/259\/revisions"}],"predecessor-version":[{"id":261,"href":"http:\/\/fis-stetten.de\/wordpress\/wp-json\/wp\/v2\/posts\/259\/revisions\/261"}],"wp:attachment":[{"href":"http:\/\/fis-stetten.de\/wordpress\/wp-json\/wp\/v2\/media?parent=259"}],"wp:term":[{"taxonomy":"category","embeddable":true,"href":"http:\/\/fis-stetten.de\/wordpress\/wp-json\/wp\/v2\/categories?post=259"},{"taxonomy":"post_tag","embeddable":true,"href":"http:\/\/fis-stetten.de\/wordpress\/wp-json\/wp\/v2\/tags?post=259"}],"curies":[{"name":"wp","href":"https:\/\/api.w.org\/{rel}","templated":true}]}}