{"id":234,"date":"2016-02-02T21:15:50","date_gmt":"2016-02-02T20:15:50","guid":{"rendered":"http:\/\/fis-stetten.de\/wordpress\/?p=234"},"modified":"2016-02-02T21:44:35","modified_gmt":"2016-02-02T20:44:35","slug":"fortbildung-fuer-fis-mitarbeiter","status":"publish","type":"post","link":"http:\/\/fis-stetten.de\/wordpress\/fortbildung-fuer-fis-mitarbeiter\/","title":{"rendered":"Fortbildung f\u00fcr FiS-Mitarbeiter*innen"},"content":{"rendered":"<div>Am 22. Februar gibt es unter dem Titel <b>&#8222;Mein Ehrenamt f\u00fcr gefl\u00fcchtete Menschen: Zwischen N\u00e4he und Distanz ausgewogen pendeln&#8220; <\/b>im Evangelischen Gemeindehaus Stetten eine Fortbildung f\u00fcr FiS-Mitarbeiter*innen. Referentin ist Jana Mokali vom Diakonischen Werk W\u00fcrttemberg (DWW), Fachstelle f\u00fcr Interkulturelle Orientierung. Es sind noch einige Pl\u00e4tze frei. Die Teilnehmerzahl ist auf 20 begrenzt. Anmeldung erforderlich unter <a href=\"mailto:service@fis-stetten.de\">service@fis-stetten.de<\/a>.<\/div>\n","protected":false},"excerpt":{"rendered":"<p>Am 22. Februar gibt es unter dem Titel &#8222;Mein Ehrenamt f\u00fcr gefl\u00fcchtete Menschen: Zwischen N\u00e4he und Distanz ausgewogen pendeln&#8220; im Evangelischen Gemeindehaus Stetten eine Fortbildung f\u00fcr FiS-Mitarbeiter*innen. Referentin ist Jana Mokali vom Diakonischen Werk W\u00fcrttemberg (DWW), Fachstelle f\u00fcr Interkulturelle Orientierung. Es sind noch einige Pl\u00e4tze frei. Die Teilnehmerzahl ist auf 20 begrenzt. Anmeldung erforderlich unter &hellip; <a href=\"http:\/\/fis-stetten.de\/wordpress\/fortbildung-fuer-fis-mitarbeiter\/\" class=\"more-link\"><span class=\"screen-reader-text\">Fortbildung f\u00fcr FiS-Mitarbeiter*innen<\/span> weiterlesen <span class=\"meta-nav\">&rarr;<\/span><\/a><\/p>\n","protected":false},"author":1,"featured_media":0,"comment_status":"closed","ping_status":"closed","sticky":false,"template":"","format":"standard","meta":[],"categories":[4],"tags":[],"_links":{"self":[{"href":"http:\/\/fis-stetten.de\/wordpress\/wp-json\/wp\/v2\/posts\/234"}],"collection":[{"href":"http:\/\/fis-stetten.de\/wordpress\/wp-json\/wp\/v2\/posts"}],"about":[{"href":"http:\/\/fis-stetten.de\/wordpress\/wp-json\/wp\/v2\/types\/post"}],"author":[{"embeddable":true,"href":"http:\/\/fis-stetten.de\/wordpress\/wp-json\/wp\/v2\/users\/1"}],"replies":[{"embeddable":true,"href":"http:\/\/fis-stetten.de\/wordpress\/wp-json\/wp\/v2\/comments?post=234"}],"version-history":[{"count":5,"href":"http:\/\/fis-stetten.de\/wordpress\/wp-json\/wp\/v2\/posts\/234\/revisions"}],"predecessor-version":[{"id":244,"href":"http:\/\/fis-stetten.de\/wordpress\/wp-json\/wp\/v2\/posts\/234\/revisions\/244"}],"wp:attachment":[{"href":"http:\/\/fis-stetten.de\/wordpress\/wp-json\/wp\/v2\/media?parent=234"}],"wp:term":[{"taxonomy":"category","embeddable":true,"href":"http:\/\/fis-stetten.de\/wordpress\/wp-json\/wp\/v2\/categories?post=234"},{"taxonomy":"post_tag","embeddable":true,"href":"http:\/\/fis-stetten.de\/wordpress\/wp-json\/wp\/v2\/tags?post=234"}],"curies":[{"name":"wp","href":"https:\/\/api.w.org\/{rel}","templated":true}]}}