{"id":222,"date":"2016-01-25T20:35:16","date_gmt":"2016-01-25T19:35:16","guid":{"rendered":"http:\/\/fis-stetten.de\/wordpress\/?p=222"},"modified":"2016-01-25T20:47:26","modified_gmt":"2016-01-25T19:47:26","slug":"fis-aktuelle-infos","status":"publish","type":"post","link":"http:\/\/fis-stetten.de\/wordpress\/fis-aktuelle-infos\/","title":{"rendered":"FiS \u2013 aktuelle Infos"},"content":{"rendered":"<p><a href=\"http:\/\/fis-stetten.de\/wordpress\/?p=222#more-222\"><img class=\"alignright\" src=\"http:\/\/fis-stetten.de\/wordpress\/img\/kinderbetreuung_300.jpg\" alt=\"Kinderbetreuung in der Fl\u00fcchtlingsarbeit in Stetten\" \/><\/a>Zum zweiten Mal hat am vergangenen Sonntag das <strong>&#8222;Caf\u00e9 International&#8220;<\/strong>,\u00a0 ein Begegnungsnachmittag bei Kaffee und Kuchen, im Stettener Gemeindehaus stattgefunden \u2013 erneut mit vollem Haus. Neues gibt es auch von der <strong>Kinderbetreuung<\/strong> zu berichten. Hier hat sich eine Gruppe gefunden, die sich um die Kleinsten k\u00fcmmert.<!--more--><\/p>\n<h3>Caf\u00e9 international<\/h3>\n<p>Zum zweiten Mal hat der Arbeitsbereich Caf\u00e9 International am Sonntag, 24. Januar, zum Treffen in das Gemeindehaus eingeladen. Zur gro\u00dfen Freude der Ehrenamtlichen waren wieder alle St\u00fchle und Tische von Fl\u00fcchtlingen, Stettenern und Stettenerinnen besetzt. Es fand wieder ein sehr reger Gedankenaustausch zwischen den Gruppen statt, die Verst\u00e4ndigung geschah zum Teil mit lebhaften\u00a0Gesten, zum Teil in englischer oder deutscher Sprache.<\/p>\n<p>Bereits vor dem offiziellen Beginn dieses Treffens waren Fl\u00fcchtlinge gekommen, um beim Aufstuhlen zu helfen.\u00a0 Leckere Kuchenspenden von Einheimischen, den Landfrauen und von Fl\u00fcchtlingen erschwerten die G\u00e4sten die Auswahl. Dass am Ende der Veranstaltung wieder viele Fl\u00fcchtlinge beim Aufr\u00e4umen\u00a0 halfen \u2013 wie bereits beim ersten Caf\u00e9 International \u2013 ist f\u00fcr die Verantwortlichen eine Best\u00e4tigung, dass sich die Fremden schon ein wenig zugeh\u00f6rig f\u00fchlen.<\/p>\n<h3>Kinderbetreuung<\/h3>\n<p>Im N\u00f6dinger Hof leben viele kleine Kinder, die noch keinen\u00a0 Kindergartenplatz gefunden haben. Ganz spontan hat sich eine Gruppe gebildet, die diese Kinder betreut. Dank der Spenden stehen Spielger\u00e4te und gen\u00fcgend Spielzeug zur Verf\u00fcgung, mit dem sich die Kinder zur Freude der Betreuerinnen eifrig bersch\u00e4ftigen.<\/p>\n<h3><img loading=\"lazy\" class=\"alignnone\" src=\"http:\/\/fis-stetten.de\/wordpress\/img\/kinderbetreuung.jpg\" alt=\"Kinderbetreuung in der Fl\u00fcchtlingsarbeit in Stetten\" width=\"600\" height=\"328\" \/><\/h3>\n<p>&nbsp;<\/p>\n","protected":false},"excerpt":{"rendered":"<p>Zum zweiten Mal hat am vergangenen Sonntag das &#8222;Caf\u00e9 International&#8220;,\u00a0 ein Begegnungsnachmittag bei Kaffee und Kuchen, im Stettener Gemeindehaus stattgefunden \u2013 erneut mit vollem Haus. Neues gibt es auch von der Kinderbetreuung zu berichten. Hier hat sich eine Gruppe gefunden, die sich um die Kleinsten k\u00fcmmert.<\/p>\n","protected":false},"author":1,"featured_media":0,"comment_status":"closed","ping_status":"closed","sticky":false,"template":"","format":"standard","meta":[],"categories":[4],"tags":[],"_links":{"self":[{"href":"http:\/\/fis-stetten.de\/wordpress\/wp-json\/wp\/v2\/posts\/222"}],"collection":[{"href":"http:\/\/fis-stetten.de\/wordpress\/wp-json\/wp\/v2\/posts"}],"about":[{"href":"http:\/\/fis-stetten.de\/wordpress\/wp-json\/wp\/v2\/types\/post"}],"author":[{"embeddable":true,"href":"http:\/\/fis-stetten.de\/wordpress\/wp-json\/wp\/v2\/users\/1"}],"replies":[{"embeddable":true,"href":"http:\/\/fis-stetten.de\/wordpress\/wp-json\/wp\/v2\/comments?post=222"}],"version-history":[{"count":8,"href":"http:\/\/fis-stetten.de\/wordpress\/wp-json\/wp\/v2\/posts\/222\/revisions"}],"predecessor-version":[{"id":230,"href":"http:\/\/fis-stetten.de\/wordpress\/wp-json\/wp\/v2\/posts\/222\/revisions\/230"}],"wp:attachment":[{"href":"http:\/\/fis-stetten.de\/wordpress\/wp-json\/wp\/v2\/media?parent=222"}],"wp:term":[{"taxonomy":"category","embeddable":true,"href":"http:\/\/fis-stetten.de\/wordpress\/wp-json\/wp\/v2\/categories?post=222"},{"taxonomy":"post_tag","embeddable":true,"href":"http:\/\/fis-stetten.de\/wordpress\/wp-json\/wp\/v2\/tags?post=222"}],"curies":[{"name":"wp","href":"https:\/\/api.w.org\/{rel}","templated":true}]}}