{"id":197,"date":"2016-01-03T12:59:21","date_gmt":"2016-01-03T11:59:21","guid":{"rendered":"http:\/\/fis-stetten.de\/wordpress\/?p=197"},"modified":"2016-01-03T13:04:21","modified_gmt":"2016-01-03T12:04:21","slug":"paeckchenaktion-stettener-kindergaerten","status":"publish","type":"post","link":"http:\/\/fis-stetten.de\/wordpress\/paeckchenaktion-stettener-kindergaerten\/","title":{"rendered":"P\u00e4ckchenaktion Stettener Kinderg\u00e4rten"},"content":{"rendered":"<p>Zwei Tage vor Weihnachten haben die Kinder des Erlach- und des Fr\u00f6belkindergartens P\u00e4ckchen zu den Kindern in den N\u00f6dinger Hof gebracht. Diese hatten sie zuvor f\u00fcr alle Fl\u00fcchtlingskinder gepackt.<!--more--><\/p>\n<p>Pfarrer Stefan Ruppert begr\u00fc\u00dfte alle und es erklang, unterst\u00fctzt durch Frau Racks Gitarre, ein Weihnachtslied. Dann kam es zur Verteilung der Gaben, und da die Stettener Kinder sich genau \u00fcber das Alter der Fl\u00fcchtlingskinder informiert hatten, bekam jedes Kind das passende Geschenk. Die strahlenden Augen der Beschenkten und der Schenkenden waren f\u00fcr die Erwachsenen ein zus\u00e4tzliches Weihnachtsgeschenk. Zum Abschluss erklang wieder ein Weihnachtslied und dann ging es ans Auspacken.<\/p>\n<p>Das FiS-Team\u00a0bedankt sich bei den Erzieherinnen der beiden Kinderg\u00e4rten f\u00fcr das Engagement und die zus\u00e4tzliche Arbeit, die f\u00fcr die Familien ein Zeichen f\u00fcr unseren Wunsch nach friedlichem Zusammenleben ist.<\/p>\n","protected":false},"excerpt":{"rendered":"<p>Zwei Tage vor Weihnachten haben die Kinder des Erlach- und des Fr\u00f6belkindergartens P\u00e4ckchen zu den Kindern in den N\u00f6dinger Hof gebracht. Diese hatten sie zuvor f\u00fcr alle Fl\u00fcchtlingskinder gepackt.<\/p>\n","protected":false},"author":1,"featured_media":0,"comment_status":"closed","ping_status":"closed","sticky":false,"template":"","format":"standard","meta":[],"categories":[4],"tags":[],"_links":{"self":[{"href":"http:\/\/fis-stetten.de\/wordpress\/wp-json\/wp\/v2\/posts\/197"}],"collection":[{"href":"http:\/\/fis-stetten.de\/wordpress\/wp-json\/wp\/v2\/posts"}],"about":[{"href":"http:\/\/fis-stetten.de\/wordpress\/wp-json\/wp\/v2\/types\/post"}],"author":[{"embeddable":true,"href":"http:\/\/fis-stetten.de\/wordpress\/wp-json\/wp\/v2\/users\/1"}],"replies":[{"embeddable":true,"href":"http:\/\/fis-stetten.de\/wordpress\/wp-json\/wp\/v2\/comments?post=197"}],"version-history":[{"count":3,"href":"http:\/\/fis-stetten.de\/wordpress\/wp-json\/wp\/v2\/posts\/197\/revisions"}],"predecessor-version":[{"id":200,"href":"http:\/\/fis-stetten.de\/wordpress\/wp-json\/wp\/v2\/posts\/197\/revisions\/200"}],"wp:attachment":[{"href":"http:\/\/fis-stetten.de\/wordpress\/wp-json\/wp\/v2\/media?parent=197"}],"wp:term":[{"taxonomy":"category","embeddable":true,"href":"http:\/\/fis-stetten.de\/wordpress\/wp-json\/wp\/v2\/categories?post=197"},{"taxonomy":"post_tag","embeddable":true,"href":"http:\/\/fis-stetten.de\/wordpress\/wp-json\/wp\/v2\/tags?post=197"}],"curies":[{"name":"wp","href":"https:\/\/api.w.org\/{rel}","templated":true}]}}