{"id":1729,"date":"2024-09-16T08:34:25","date_gmt":"2024-09-16T06:34:25","guid":{"rendered":"http:\/\/fis-stetten.de\/wordpress\/?p=1729"},"modified":"2024-09-16T08:34:25","modified_gmt":"2024-09-16T06:34:25","slug":"viel-spass-im-waldheim","status":"publish","type":"post","link":"http:\/\/fis-stetten.de\/wordpress\/viel-spass-im-waldheim\/","title":{"rendered":"Viel Spa\u00df im Waldheim"},"content":{"rendered":"<p><a href=\"http:\/\/fis-stetten.de\/wordpress\/wp-content\/uploads\/2024\/09\/0F630BCB-A658-416B-8EAB-69C19AD309AF.jpeg\"><img loading=\"lazy\" class=\"alignnone size-full wp-image-1731\" src=\"http:\/\/fis-stetten.de\/wordpress\/wp-content\/uploads\/2024\/09\/0F630BCB-A658-416B-8EAB-69C19AD309AF.jpeg\" alt=\"\" width=\"541\" height=\"585\" srcset=\"http:\/\/fis-stetten.de\/wordpress\/wp-content\/uploads\/2024\/09\/0F630BCB-A658-416B-8EAB-69C19AD309AF.jpeg 541w, http:\/\/fis-stetten.de\/wordpress\/wp-content\/uploads\/2024\/09\/0F630BCB-A658-416B-8EAB-69C19AD309AF-277x300.jpeg 277w\" sizes=\"(max-width: 541px) 100vw, 541px\" \/><\/a><\/p>\n<p>Acht Kinder vom N\u00f6dinger Hof konnten in den Sommerferien am Ferienprogramm des Waldheims im Bernh\u00e4user Forst teilnehmen. Unter dem Motto: \u201eDu bist wertvoll &#8211; mutig &#8211; stark\u201c durften die Kinder in ihren Altersgruppen zwei Wochen lang spielen, singen und basteln. Das war eine gute Gelegenheit, Gemeinschaft zu erleben und nebenbei die Deutschkenntnisse aufzubessern. Die Kinder waren sehr dankbar und gl\u00fccklich.<\/p>\n<p>Es ist f\u00fcr uns immer wieder ein gutes Zeichen f\u00fcr die Integration, wenn wir merken, wie schnell und fast selbstverst\u00e4ndlich die Kinder mit den anderen Kindern die Zeit im Waldheim genie\u00dfen.<\/p>\n","protected":false},"excerpt":{"rendered":"<p>Acht Kinder vom N\u00f6dinger Hof konnten in den Sommerferien am Ferienprogramm des Waldheims im Bernh\u00e4user Forst teilnehmen. Unter dem Motto: \u201eDu bist wertvoll &#8211; mutig &#8211; stark\u201c durften die Kinder in ihren Altersgruppen zwei Wochen lang spielen, singen und basteln. Das war eine gute Gelegenheit, Gemeinschaft zu erleben und nebenbei die Deutschkenntnisse aufzubessern. Die Kinder &hellip; <a href=\"http:\/\/fis-stetten.de\/wordpress\/viel-spass-im-waldheim\/\" class=\"more-link\"><span class=\"screen-reader-text\">Viel Spa\u00df im Waldheim<\/span> weiterlesen <span class=\"meta-nav\">&rarr;<\/span><\/a><\/p>\n","protected":false},"author":1,"featured_media":0,"comment_status":"closed","ping_status":"closed","sticky":false,"template":"","format":"standard","meta":[],"categories":[4],"tags":[],"_links":{"self":[{"href":"http:\/\/fis-stetten.de\/wordpress\/wp-json\/wp\/v2\/posts\/1729"}],"collection":[{"href":"http:\/\/fis-stetten.de\/wordpress\/wp-json\/wp\/v2\/posts"}],"about":[{"href":"http:\/\/fis-stetten.de\/wordpress\/wp-json\/wp\/v2\/types\/post"}],"author":[{"embeddable":true,"href":"http:\/\/fis-stetten.de\/wordpress\/wp-json\/wp\/v2\/users\/1"}],"replies":[{"embeddable":true,"href":"http:\/\/fis-stetten.de\/wordpress\/wp-json\/wp\/v2\/comments?post=1729"}],"version-history":[{"count":3,"href":"http:\/\/fis-stetten.de\/wordpress\/wp-json\/wp\/v2\/posts\/1729\/revisions"}],"predecessor-version":[{"id":1735,"href":"http:\/\/fis-stetten.de\/wordpress\/wp-json\/wp\/v2\/posts\/1729\/revisions\/1735"}],"wp:attachment":[{"href":"http:\/\/fis-stetten.de\/wordpress\/wp-json\/wp\/v2\/media?parent=1729"}],"wp:term":[{"taxonomy":"category","embeddable":true,"href":"http:\/\/fis-stetten.de\/wordpress\/wp-json\/wp\/v2\/categories?post=1729"},{"taxonomy":"post_tag","embeddable":true,"href":"http:\/\/fis-stetten.de\/wordpress\/wp-json\/wp\/v2\/tags?post=1729"}],"curies":[{"name":"wp","href":"https:\/\/api.w.org\/{rel}","templated":true}]}}