{"id":1655,"date":"2024-06-25T09:09:01","date_gmt":"2024-06-25T07:09:01","guid":{"rendered":"http:\/\/fis-stetten.de\/wordpress\/?p=1655"},"modified":"2024-06-25T09:09:01","modified_gmt":"2024-06-25T07:09:01","slug":"bei-ronja-im-theater","status":"publish","type":"post","link":"http:\/\/fis-stetten.de\/wordpress\/bei-ronja-im-theater\/","title":{"rendered":"Bei Ronja im Theater"},"content":{"rendered":"<p><a href=\"http:\/\/fis-stetten.de\/wordpress\/wp-content\/uploads\/2024\/06\/Theater-unter-den-Kuppeln-scaled.jpg\"><img loading=\"lazy\" class=\"alignnone size-full wp-image-1656\" src=\"http:\/\/fis-stetten.de\/wordpress\/wp-content\/uploads\/2024\/06\/Theater-unter-den-Kuppeln-scaled.jpg\" alt=\"Besuch der Gruppe aus dem N\u00f6dinger Hof im Theater unter den Kuppeln\" width=\"2560\" height=\"1893\" srcset=\"http:\/\/fis-stetten.de\/wordpress\/wp-content\/uploads\/2024\/06\/Theater-unter-den-Kuppeln-scaled.jpg 2560w, http:\/\/fis-stetten.de\/wordpress\/wp-content\/uploads\/2024\/06\/Theater-unter-den-Kuppeln-300x222.jpg 300w, http:\/\/fis-stetten.de\/wordpress\/wp-content\/uploads\/2024\/06\/Theater-unter-den-Kuppeln-1024x757.jpg 1024w, http:\/\/fis-stetten.de\/wordpress\/wp-content\/uploads\/2024\/06\/Theater-unter-den-Kuppeln-768x568.jpg 768w, http:\/\/fis-stetten.de\/wordpress\/wp-content\/uploads\/2024\/06\/Theater-unter-den-Kuppeln-1536x1136.jpg 1536w, http:\/\/fis-stetten.de\/wordpress\/wp-content\/uploads\/2024\/06\/Theater-unter-den-Kuppeln-2048x1514.jpg 2048w\" sizes=\"(max-width: 2560px) 100vw, 2560px\" \/><\/a><\/p>\n<p>Ein ganz herzliches DANKESCH\u00d6N sagen wir an das <strong>Theater unter den Kuppeln<\/strong>, das unsere Fl\u00fcchtlinge und unsere Helfer zur Generalprobe zu \u201eRonja R\u00e4ubertochter\u201c eingeladen hat. Mit gro\u00dfen staunenden Augen haben die gro\u00dfen und kleinen Zuschauer das Geschehen auf der B\u00fchne verfolgt, mitgesungen und geklatscht &#8211; und mancher erwachsene Fl\u00fcchtling war zum ersten Mal im Theater. Die kreative Umsetzung der Geschichte zeigt uns, wie wichtig die Themen Mut, Freiheit und Freundschaft f\u00fcr uns alle sind. Dankbar und gl\u00fccklich machten wir uns dann auf den Heimweg und empfehlen Ihnen allen dieses tolle Theaterst\u00fcck!<\/p>\n<p>&nbsp;<\/p>\n","protected":false},"excerpt":{"rendered":"<p>Ein ganz herzliches DANKESCH\u00d6N sagen wir an das Theater unter den Kuppeln, das unsere Fl\u00fcchtlinge und unsere Helfer zur Generalprobe zu \u201eRonja R\u00e4ubertochter\u201c eingeladen hat. Mit gro\u00dfen staunenden Augen haben die gro\u00dfen und kleinen Zuschauer das Geschehen auf der B\u00fchne verfolgt, mitgesungen und geklatscht &#8211; und mancher erwachsene Fl\u00fcchtling war zum ersten Mal im Theater. &hellip; <a href=\"http:\/\/fis-stetten.de\/wordpress\/bei-ronja-im-theater\/\" class=\"more-link\"><span class=\"screen-reader-text\">Bei Ronja im Theater<\/span> weiterlesen <span class=\"meta-nav\">&rarr;<\/span><\/a><\/p>\n","protected":false},"author":1,"featured_media":0,"comment_status":"closed","ping_status":"closed","sticky":false,"template":"","format":"standard","meta":[],"categories":[4],"tags":[],"_links":{"self":[{"href":"http:\/\/fis-stetten.de\/wordpress\/wp-json\/wp\/v2\/posts\/1655"}],"collection":[{"href":"http:\/\/fis-stetten.de\/wordpress\/wp-json\/wp\/v2\/posts"}],"about":[{"href":"http:\/\/fis-stetten.de\/wordpress\/wp-json\/wp\/v2\/types\/post"}],"author":[{"embeddable":true,"href":"http:\/\/fis-stetten.de\/wordpress\/wp-json\/wp\/v2\/users\/1"}],"replies":[{"embeddable":true,"href":"http:\/\/fis-stetten.de\/wordpress\/wp-json\/wp\/v2\/comments?post=1655"}],"version-history":[{"count":1,"href":"http:\/\/fis-stetten.de\/wordpress\/wp-json\/wp\/v2\/posts\/1655\/revisions"}],"predecessor-version":[{"id":1657,"href":"http:\/\/fis-stetten.de\/wordpress\/wp-json\/wp\/v2\/posts\/1655\/revisions\/1657"}],"wp:attachment":[{"href":"http:\/\/fis-stetten.de\/wordpress\/wp-json\/wp\/v2\/media?parent=1655"}],"wp:term":[{"taxonomy":"category","embeddable":true,"href":"http:\/\/fis-stetten.de\/wordpress\/wp-json\/wp\/v2\/categories?post=1655"},{"taxonomy":"post_tag","embeddable":true,"href":"http:\/\/fis-stetten.de\/wordpress\/wp-json\/wp\/v2\/tags?post=1655"}],"curies":[{"name":"wp","href":"https:\/\/api.w.org\/{rel}","templated":true}]}}